{"id":15943,"date":"2021-11-03T10:55:00","date_gmt":"2021-11-03T08:55:00","guid":{"rendered":"http:\/\/muenster.org\/altes-backhaus\/?p=15943"},"modified":"2022-11-29T13:55:41","modified_gmt":"2022-11-29T11:55:41","slug":"nobelpreis","status":"publish","type":"post","link":"https:\/\/muenster.org\/altes-backhaus\/nobelpreis","title":{"rendered":"Nobelpreis"},"content":{"rendered":"\t\t<div data-elementor-type=\"wp-post\" data-elementor-id=\"15943\" class=\"elementor elementor-15943\">\n\t\t\t\t\t\t<section class=\"elementor-section elementor-top-section elementor-element elementor-element-ae8ef4f elementor-section-boxed elementor-section-height-default elementor-section-height-default\" data-id=\"ae8ef4f\" data-element_type=\"section\" data-e-type=\"section\">\n\t\t\t\t\t\t<div class=\"elementor-container elementor-column-gap-default\">\n\t\t\t\t\t<div class=\"elementor-column elementor-col-100 elementor-top-column elementor-element elementor-element-835561a\" data-id=\"835561a\" data-element_type=\"column\" data-e-type=\"column\">\n\t\t\t<div class=\"elementor-widget-wrap elementor-element-populated\">\n\t\t\t\t\t\t<section class=\"elementor-section elementor-inner-section elementor-element elementor-element-d88d6ae elementor-section-boxed elementor-section-height-default elementor-section-height-default\" data-id=\"d88d6ae\" data-element_type=\"section\" data-e-type=\"section\">\n\t\t\t\t\t\t<div class=\"elementor-container elementor-column-gap-default\">\n\t\t\t\t\t<div class=\"elementor-column elementor-col-50 elementor-inner-column elementor-element elementor-element-8270946\" data-id=\"8270946\" data-element_type=\"column\" data-e-type=\"column\">\n\t\t\t<div class=\"elementor-widget-wrap elementor-element-populated\">\n\t\t\t\t\t\t<div class=\"elementor-element elementor-element-17a446e elementor-widget elementor-widget-image\" data-id=\"17a446e\" data-element_type=\"widget\" data-e-type=\"widget\" data-widget_type=\"image.default\">\n\t\t\t\t<div class=\"elementor-widget-container\">\n\t\t\t\t\t\t\t\t\t\t\t\t\t\t\t<img fetchpriority=\"high\" decoding=\"async\" width=\"711\" height=\"1024\" src=\"https:\/\/muenster.org\/altes-backhaus\/wp-content\/uploads\/2021\/11\/alfred-nobel-gross-jpg-12956--711x1024.jpg\" class=\"attachment-large size-large wp-image-15947\" alt=\"\" srcset=\"https:\/\/muenster.org\/altes-backhaus\/wp-content\/uploads\/2021\/11\/alfred-nobel-gross-jpg-12956--711x1024.jpg 711w, https:\/\/muenster.org\/altes-backhaus\/wp-content\/uploads\/2021\/11\/alfred-nobel-gross-jpg-12956--208x300.jpg 208w, https:\/\/muenster.org\/altes-backhaus\/wp-content\/uploads\/2021\/11\/alfred-nobel-gross-jpg-12956--768x1106.jpg 768w, https:\/\/muenster.org\/altes-backhaus\/wp-content\/uploads\/2021\/11\/alfred-nobel-gross-jpg-12956-.jpg 960w\" sizes=\"(max-width: 711px) 100vw, 711px\" \/>\t\t\t\t\t\t\t\t\t\t\t\t\t\t\t<\/div>\n\t\t\t\t<\/div>\n\t\t\t\t\t<\/div>\n\t\t<\/div>\n\t\t\t\t<div class=\"elementor-column elementor-col-50 elementor-inner-column elementor-element elementor-element-22cdeb1\" data-id=\"22cdeb1\" data-element_type=\"column\" data-e-type=\"column\">\n\t\t\t<div class=\"elementor-widget-wrap elementor-element-populated\">\n\t\t\t\t\t\t<div class=\"elementor-element elementor-element-d4d7335 elementor-widget elementor-widget-text-editor\" data-id=\"d4d7335\" data-element_type=\"widget\" data-e-type=\"widget\" data-widget_type=\"text-editor.default\">\n\t\t\t\t<div class=\"elementor-widget-container\">\n\t\t\t\t\t\t\t\t\t<p>In jedem Jahr wird die Wahl der Nobelpreistr\u00e4ger mit gro\u00dfer Spannung erwartet. Der Friedensnobelpreis steht in einem besonderen Licht.<\/p>\t\t\t\t\t\t\t\t<\/div>\n\t\t\t\t<\/div>\n\t\t\t\t\t<\/div>\n\t\t<\/div>\n\t\t\t\t\t<\/div>\n\t\t<\/section>\n\t\t\t\t\t<\/div>\n\t\t<\/div>\n\t\t\t\t\t<\/div>\n\t\t<\/section>\n\t\t\t\t<section class=\"elementor-section elementor-top-section elementor-element elementor-element-2a0c4ad elementor-section-boxed elementor-section-height-default elementor-section-height-default\" data-id=\"2a0c4ad\" data-element_type=\"section\" data-e-type=\"section\">\n\t\t\t\t\t\t<div class=\"elementor-container elementor-column-gap-default\">\n\t\t\t\t\t<div class=\"elementor-column elementor-col-100 elementor-top-column elementor-element elementor-element-7a22a61\" data-id=\"7a22a61\" data-element_type=\"column\" data-e-type=\"column\">\n\t\t\t<div class=\"elementor-widget-wrap elementor-element-populated\">\n\t\t\t\t\t\t<section class=\"elementor-section elementor-inner-section elementor-element elementor-element-02febd7 elementor-section-boxed elementor-section-height-default elementor-section-height-default\" data-id=\"02febd7\" data-element_type=\"section\" data-e-type=\"section\">\n\t\t\t\t\t\t<div class=\"elementor-container elementor-column-gap-default\">\n\t\t\t\t\t<div class=\"elementor-column elementor-col-50 elementor-inner-column elementor-element elementor-element-8252056\" data-id=\"8252056\" data-element_type=\"column\" data-e-type=\"column\">\n\t\t\t<div class=\"elementor-widget-wrap elementor-element-populated\">\n\t\t\t\t\t\t<div class=\"elementor-element elementor-element-411a1db elementor-widget elementor-widget-image\" data-id=\"411a1db\" data-element_type=\"widget\" data-e-type=\"widget\" data-widget_type=\"image.default\">\n\t\t\t\t<div class=\"elementor-widget-container\">\n\t\t\t\t\t\t\t\t\t\t\t\t\t\t\t<img decoding=\"async\" src=\"https:\/\/muenster.org\/altes-backhaus\/wp-content\/uploads\/2021\/11\/1200px-Oslo_radhus2.jpg\" title=\"\" alt=\"\" loading=\"lazy\" \/>\t\t\t\t\t\t\t\t\t\t\t\t\t\t\t<\/div>\n\t\t\t\t<\/div>\n\t\t\t\t\t<\/div>\n\t\t<\/div>\n\t\t\t\t<div class=\"elementor-column elementor-col-50 elementor-inner-column elementor-element elementor-element-c51a6f0\" data-id=\"c51a6f0\" data-element_type=\"column\" data-e-type=\"column\">\n\t\t\t<div class=\"elementor-widget-wrap elementor-element-populated\">\n\t\t\t\t\t\t<div class=\"elementor-element elementor-element-179f31c elementor-widget elementor-widget-text-editor\" data-id=\"179f31c\" data-element_type=\"widget\" data-e-type=\"widget\" data-widget_type=\"text-editor.default\">\n\t\t\t\t<div class=\"elementor-widget-container\">\n\t\t\t\t\t\t\t\t\t<p>Gunda Verbeek wird alle Interessierten \u00fcber dieses besondere Ereignis in einem bildreichen Vortrag informieren.<\/p>\t\t\t\t\t\t\t\t<\/div>\n\t\t\t\t<\/div>\n\t\t\t\t\t<\/div>\n\t\t<\/div>\n\t\t\t\t\t<\/div>\n\t\t<\/section>\n\t\t\t\t\t<\/div>\n\t\t<\/div>\n\t\t\t\t\t<\/div>\n\t\t<\/section>\n\t\t\t\t<section class=\"elementor-section elementor-top-section elementor-element elementor-element-cdc381d elementor-section-boxed elementor-section-height-default elementor-section-height-default\" data-id=\"cdc381d\" data-element_type=\"section\" data-e-type=\"section\">\n\t\t\t\t\t\t<div class=\"elementor-container elementor-column-gap-default\">\n\t\t\t\t\t<div class=\"elementor-column elementor-col-100 elementor-top-column elementor-element elementor-element-8d0472a\" data-id=\"8d0472a\" data-element_type=\"column\" data-e-type=\"column\">\n\t\t\t<div class=\"elementor-widget-wrap elementor-element-populated\">\n\t\t\t\t\t\t<div class=\"elementor-element elementor-element-b1f6cdf elementor-widget elementor-widget-text-editor\" data-id=\"b1f6cdf\" data-element_type=\"widget\" data-e-type=\"widget\" data-widget_type=\"text-editor.default\">\n\t\t\t\t<div class=\"elementor-widget-container\">\n\t\t\t\t\t\t\t\t\t<p><strong><span style=\"font-size: 16pt;\">Gespr\u00e4chskreis am Montag, dem 15.11.2021, 15:00 Uhr<\/span><\/strong><\/p>\t\t\t\t\t\t\t\t<\/div>\n\t\t\t\t<\/div>\n\t\t\t\t\t<\/div>\n\t\t<\/div>\n\t\t\t\t\t<\/div>\n\t\t<\/section>\n\t\t\t\t<\/div>\n\t\t","protected":false},"excerpt":{"rendered":"<p>In jedem Jahr wird die Wahl der Nobelpreistr\u00e4ger mit gro\u00dfer Spannung erwartet. Der Friedensnobelpreis steht in einem besonderen Licht. Gunda Verbeek wird alle Interessierten \u00fcber dieses besondere Ereignis in einem bildreichen Vortrag informieren. Gespr\u00e4chskreis am Montag, dem 15.11.2021, 15:00 Uhr<\/p>\n","protected":false},"author":47,"featured_media":15946,"comment_status":"closed","ping_status":"open","sticky":false,"template":"","format":"standard","meta":{"neve_meta_sidebar":"","neve_meta_container":"","neve_meta_enable_content_width":"off","neve_meta_content_width":70,"neve_meta_title_alignment":"","neve_meta_author_avatar":"","neve_post_elements_order":"","neve_meta_disable_header":"","neve_meta_disable_footer":"","neve_meta_disable_title":"","neve_meta_reading_time":"","_themeisle_gutenberg_block_has_review":false,"cybocfi_hide_featured_image":"","footnotes":""},"categories":[377],"tags":[],"class_list":["post-15943","post","type-post","status-publish","format-standard","has-post-thumbnail","hentry","category-einmalige-veranstaltungen"],"yoast_head":"<!-- This site is optimized with the Yoast SEO plugin v27.5 - https:\/\/yoast.com\/product\/yoast-seo-wordpress\/ -->\n<title>Nobelpreis - Altes Backhaus<\/title>\n<meta name=\"robots\" content=\"index, follow, max-snippet:-1, max-image-preview:large, max-video-preview:-1\" \/>\n<link rel=\"canonical\" href=\"https:\/\/muenster.org\/altes-backhaus\/nobelpreis\" \/>\n<meta name=\"twitter:label1\" content=\"Verfasst von\" \/>\n\t<meta name=\"twitter:data1\" content=\"Hans Kurth\" \/>\n\t<meta name=\"twitter:label2\" content=\"Gesch\u00e4tzte Lesezeit\" \/>\n\t<meta name=\"twitter:data2\" content=\"1\u00a0Minute\" \/>\n<script type=\"application\/ld+json\" class=\"yoast-schema-graph\">{\"@context\":\"https:\\\/\\\/schema.org\",\"@graph\":[{\"@type\":\"Article\",\"@id\":\"https:\\\/\\\/muenster.org\\\/altes-backhaus\\\/nobelpreis#article\",\"isPartOf\":{\"@id\":\"https:\\\/\\\/muenster.org\\\/altes-backhaus\\\/nobelpreis\"},\"author\":{\"name\":\"Hans Kurth\",\"@id\":\"https:\\\/\\\/muenster.org\\\/altes-backhaus\\\/#\\\/schema\\\/person\\\/ade0115e4d149890edd0033b4c2d2b8f\"},\"headline\":\"Nobelpreis\",\"datePublished\":\"2021-11-03T08:55:00+00:00\",\"dateModified\":\"2022-11-29T11:55:41+00:00\",\"mainEntityOfPage\":{\"@id\":\"https:\\\/\\\/muenster.org\\\/altes-backhaus\\\/nobelpreis\"},\"wordCount\":42,\"publisher\":{\"@id\":\"https:\\\/\\\/muenster.org\\\/altes-backhaus\\\/#organization\"},\"image\":{\"@id\":\"https:\\\/\\\/muenster.org\\\/altes-backhaus\\\/nobelpreis#primaryimage\"},\"thumbnailUrl\":\"https:\\\/\\\/muenster.org\\\/altes-backhaus\\\/wp-content\\\/uploads\\\/2021\\\/11\\\/shutterstock_517415452_copyr_alfred_nobel_b.jpg\",\"articleSection\":[\"einmalige Veranstaltungen\"],\"inLanguage\":\"de\"},{\"@type\":\"WebPage\",\"@id\":\"https:\\\/\\\/muenster.org\\\/altes-backhaus\\\/nobelpreis\",\"url\":\"https:\\\/\\\/muenster.org\\\/altes-backhaus\\\/nobelpreis\",\"name\":\"Nobelpreis - Altes Backhaus\",\"isPartOf\":{\"@id\":\"https:\\\/\\\/muenster.org\\\/altes-backhaus\\\/#website\"},\"primaryImageOfPage\":{\"@id\":\"https:\\\/\\\/muenster.org\\\/altes-backhaus\\\/nobelpreis#primaryimage\"},\"image\":{\"@id\":\"https:\\\/\\\/muenster.org\\\/altes-backhaus\\\/nobelpreis#primaryimage\"},\"thumbnailUrl\":\"https:\\\/\\\/muenster.org\\\/altes-backhaus\\\/wp-content\\\/uploads\\\/2021\\\/11\\\/shutterstock_517415452_copyr_alfred_nobel_b.jpg\",\"datePublished\":\"2021-11-03T08:55:00+00:00\",\"dateModified\":\"2022-11-29T11:55:41+00:00\",\"breadcrumb\":{\"@id\":\"https:\\\/\\\/muenster.org\\\/altes-backhaus\\\/nobelpreis#breadcrumb\"},\"inLanguage\":\"de\",\"potentialAction\":[{\"@type\":\"ReadAction\",\"target\":[\"https:\\\/\\\/muenster.org\\\/altes-backhaus\\\/nobelpreis\"]}]},{\"@type\":\"ImageObject\",\"inLanguage\":\"de\",\"@id\":\"https:\\\/\\\/muenster.org\\\/altes-backhaus\\\/nobelpreis#primaryimage\",\"url\":\"https:\\\/\\\/muenster.org\\\/altes-backhaus\\\/wp-content\\\/uploads\\\/2021\\\/11\\\/shutterstock_517415452_copyr_alfred_nobel_b.jpg\",\"contentUrl\":\"https:\\\/\\\/muenster.org\\\/altes-backhaus\\\/wp-content\\\/uploads\\\/2021\\\/11\\\/shutterstock_517415452_copyr_alfred_nobel_b.jpg\",\"width\":650,\"height\":650},{\"@type\":\"BreadcrumbList\",\"@id\":\"https:\\\/\\\/muenster.org\\\/altes-backhaus\\\/nobelpreis#breadcrumb\",\"itemListElement\":[{\"@type\":\"ListItem\",\"position\":1,\"name\":\"Home\",\"item\":\"https:\\\/\\\/muenster.org\\\/altes-backhaus\\\/\"},{\"@type\":\"ListItem\",\"position\":2,\"name\":\"Nobelpreis\"}]},{\"@type\":\"WebSite\",\"@id\":\"https:\\\/\\\/muenster.org\\\/altes-backhaus\\\/#website\",\"url\":\"https:\\\/\\\/muenster.org\\\/altes-backhaus\\\/\",\"name\":\"Altes Backhaus\",\"description\":\"Die Begegnungs- und Bildungsst\u00e4tte im Kreuzviertel\",\"publisher\":{\"@id\":\"https:\\\/\\\/muenster.org\\\/altes-backhaus\\\/#organization\"},\"potentialAction\":[{\"@type\":\"SearchAction\",\"target\":{\"@type\":\"EntryPoint\",\"urlTemplate\":\"https:\\\/\\\/muenster.org\\\/altes-backhaus\\\/?s={search_term_string}\"},\"query-input\":{\"@type\":\"PropertyValueSpecification\",\"valueRequired\":true,\"valueName\":\"search_term_string\"}}],\"inLanguage\":\"de\"},{\"@type\":\"Organization\",\"@id\":\"https:\\\/\\\/muenster.org\\\/altes-backhaus\\\/#organization\",\"name\":\"Altes Backhaus\",\"url\":\"https:\\\/\\\/muenster.org\\\/altes-backhaus\\\/\",\"logo\":{\"@type\":\"ImageObject\",\"inLanguage\":\"de\",\"@id\":\"https:\\\/\\\/muenster.org\\\/altes-backhaus\\\/#\\\/schema\\\/logo\\\/image\\\/\",\"url\":\"https:\\\/\\\/muenster.org\\\/altes-backhaus\\\/wp-content\\\/uploads\\\/2020\\\/05\\\/cropped-logo.jpg\",\"contentUrl\":\"https:\\\/\\\/muenster.org\\\/altes-backhaus\\\/wp-content\\\/uploads\\\/2020\\\/05\\\/cropped-logo.jpg\",\"width\":287,\"height\":95,\"caption\":\"Altes Backhaus\"},\"image\":{\"@id\":\"https:\\\/\\\/muenster.org\\\/altes-backhaus\\\/#\\\/schema\\\/logo\\\/image\\\/\"}},{\"@type\":\"Person\",\"@id\":\"https:\\\/\\\/muenster.org\\\/altes-backhaus\\\/#\\\/schema\\\/person\\\/ade0115e4d149890edd0033b4c2d2b8f\",\"name\":\"Hans Kurth\",\"sameAs\":[\"http:\\\/\\\/www.begegnung-backhaus.de\"],\"url\":\"https:\\\/\\\/muenster.org\\\/altes-backhaus\\\/author\\\/hans-kurth\"}]}<\/script>\n<!-- \/ Yoast SEO plugin. -->","yoast_head_json":{"title":"Nobelpreis - Altes Backhaus","robots":{"index":"index","follow":"follow","max-snippet":"max-snippet:-1","max-image-preview":"max-image-preview:large","max-video-preview":"max-video-preview:-1"},"canonical":"https:\/\/muenster.org\/altes-backhaus\/nobelpreis","twitter_misc":{"Verfasst von":"Hans Kurth","Gesch\u00e4tzte Lesezeit":"1\u00a0Minute"},"schema":{"@context":"https:\/\/schema.org","@graph":[{"@type":"Article","@id":"https:\/\/muenster.org\/altes-backhaus\/nobelpreis#article","isPartOf":{"@id":"https:\/\/muenster.org\/altes-backhaus\/nobelpreis"},"author":{"name":"Hans Kurth","@id":"https:\/\/muenster.org\/altes-backhaus\/#\/schema\/person\/ade0115e4d149890edd0033b4c2d2b8f"},"headline":"Nobelpreis","datePublished":"2021-11-03T08:55:00+00:00","dateModified":"2022-11-29T11:55:41+00:00","mainEntityOfPage":{"@id":"https:\/\/muenster.org\/altes-backhaus\/nobelpreis"},"wordCount":42,"publisher":{"@id":"https:\/\/muenster.org\/altes-backhaus\/#organization"},"image":{"@id":"https:\/\/muenster.org\/altes-backhaus\/nobelpreis#primaryimage"},"thumbnailUrl":"https:\/\/muenster.org\/altes-backhaus\/wp-content\/uploads\/2021\/11\/shutterstock_517415452_copyr_alfred_nobel_b.jpg","articleSection":["einmalige Veranstaltungen"],"inLanguage":"de"},{"@type":"WebPage","@id":"https:\/\/muenster.org\/altes-backhaus\/nobelpreis","url":"https:\/\/muenster.org\/altes-backhaus\/nobelpreis","name":"Nobelpreis - Altes Backhaus","isPartOf":{"@id":"https:\/\/muenster.org\/altes-backhaus\/#website"},"primaryImageOfPage":{"@id":"https:\/\/muenster.org\/altes-backhaus\/nobelpreis#primaryimage"},"image":{"@id":"https:\/\/muenster.org\/altes-backhaus\/nobelpreis#primaryimage"},"thumbnailUrl":"https:\/\/muenster.org\/altes-backhaus\/wp-content\/uploads\/2021\/11\/shutterstock_517415452_copyr_alfred_nobel_b.jpg","datePublished":"2021-11-03T08:55:00+00:00","dateModified":"2022-11-29T11:55:41+00:00","breadcrumb":{"@id":"https:\/\/muenster.org\/altes-backhaus\/nobelpreis#breadcrumb"},"inLanguage":"de","potentialAction":[{"@type":"ReadAction","target":["https:\/\/muenster.org\/altes-backhaus\/nobelpreis"]}]},{"@type":"ImageObject","inLanguage":"de","@id":"https:\/\/muenster.org\/altes-backhaus\/nobelpreis#primaryimage","url":"https:\/\/muenster.org\/altes-backhaus\/wp-content\/uploads\/2021\/11\/shutterstock_517415452_copyr_alfred_nobel_b.jpg","contentUrl":"https:\/\/muenster.org\/altes-backhaus\/wp-content\/uploads\/2021\/11\/shutterstock_517415452_copyr_alfred_nobel_b.jpg","width":650,"height":650},{"@type":"BreadcrumbList","@id":"https:\/\/muenster.org\/altes-backhaus\/nobelpreis#breadcrumb","itemListElement":[{"@type":"ListItem","position":1,"name":"Home","item":"https:\/\/muenster.org\/altes-backhaus\/"},{"@type":"ListItem","position":2,"name":"Nobelpreis"}]},{"@type":"WebSite","@id":"https:\/\/muenster.org\/altes-backhaus\/#website","url":"https:\/\/muenster.org\/altes-backhaus\/","name":"Altes Backhaus","description":"Die Begegnungs- und Bildungsst\u00e4tte im Kreuzviertel","publisher":{"@id":"https:\/\/muenster.org\/altes-backhaus\/#organization"},"potentialAction":[{"@type":"SearchAction","target":{"@type":"EntryPoint","urlTemplate":"https:\/\/muenster.org\/altes-backhaus\/?s={search_term_string}"},"query-input":{"@type":"PropertyValueSpecification","valueRequired":true,"valueName":"search_term_string"}}],"inLanguage":"de"},{"@type":"Organization","@id":"https:\/\/muenster.org\/altes-backhaus\/#organization","name":"Altes Backhaus","url":"https:\/\/muenster.org\/altes-backhaus\/","logo":{"@type":"ImageObject","inLanguage":"de","@id":"https:\/\/muenster.org\/altes-backhaus\/#\/schema\/logo\/image\/","url":"https:\/\/muenster.org\/altes-backhaus\/wp-content\/uploads\/2020\/05\/cropped-logo.jpg","contentUrl":"https:\/\/muenster.org\/altes-backhaus\/wp-content\/uploads\/2020\/05\/cropped-logo.jpg","width":287,"height":95,"caption":"Altes Backhaus"},"image":{"@id":"https:\/\/muenster.org\/altes-backhaus\/#\/schema\/logo\/image\/"}},{"@type":"Person","@id":"https:\/\/muenster.org\/altes-backhaus\/#\/schema\/person\/ade0115e4d149890edd0033b4c2d2b8f","name":"Hans Kurth","sameAs":["http:\/\/www.begegnung-backhaus.de"],"url":"https:\/\/muenster.org\/altes-backhaus\/author\/hans-kurth"}]}},"amp_enabled":true,"rttpg_featured_image_url":{"full":["https:\/\/muenster.org\/altes-backhaus\/wp-content\/uploads\/2021\/11\/shutterstock_517415452_copyr_alfred_nobel_b.jpg",650,650,false],"landscape":["https:\/\/muenster.org\/altes-backhaus\/wp-content\/uploads\/2021\/11\/shutterstock_517415452_copyr_alfred_nobel_b.jpg",650,650,false],"portraits":["https:\/\/muenster.org\/altes-backhaus\/wp-content\/uploads\/2021\/11\/shutterstock_517415452_copyr_alfred_nobel_b.jpg",650,650,false],"thumbnail":["https:\/\/muenster.org\/altes-backhaus\/wp-content\/uploads\/2021\/11\/shutterstock_517415452_copyr_alfred_nobel_b-150x150.jpg",150,150,true],"medium":["https:\/\/muenster.org\/altes-backhaus\/wp-content\/uploads\/2021\/11\/shutterstock_517415452_copyr_alfred_nobel_b-300x300.jpg",300,300,true],"large":["https:\/\/muenster.org\/altes-backhaus\/wp-content\/uploads\/2021\/11\/shutterstock_517415452_copyr_alfred_nobel_b.jpg",650,650,false],"1536x1536":["https:\/\/muenster.org\/altes-backhaus\/wp-content\/uploads\/2021\/11\/shutterstock_517415452_copyr_alfred_nobel_b.jpg",650,650,false],"2048x2048":["https:\/\/muenster.org\/altes-backhaus\/wp-content\/uploads\/2021\/11\/shutterstock_517415452_copyr_alfred_nobel_b.jpg",650,650,false],"neve-blog":["https:\/\/muenster.org\/altes-backhaus\/wp-content\/uploads\/2021\/11\/shutterstock_517415452_copyr_alfred_nobel_b-650x620.jpg",650,620,true]},"rttpg_author":{"display_name":"Hans Kurth","author_link":"https:\/\/muenster.org\/altes-backhaus\/author\/hans-kurth"},"rttpg_comment":0,"rttpg_category":"<a href=\"https:\/\/muenster.org\/altes-backhaus\/Sprachen\/angebote\/einmalige-veranstaltungen\" rel=\"category tag\">einmalige Veranstaltungen<\/a>","rttpg_excerpt":"In jedem Jahr wird die Wahl der Nobelpreistr\u00e4ger mit gro\u00dfer Spannung erwartet. Der Friedensnobelpreis steht in einem besonderen Licht. Gunda Verbeek wird alle Interessierten \u00fcber dieses besondere Ereignis in einem bildreichen Vortrag informieren. Gespr\u00e4chskreis am Montag, dem 15.11.2021, 15:00 Uhr","_links":{"self":[{"href":"https:\/\/muenster.org\/altes-backhaus\/wp-json\/wp\/v2\/posts\/15943","targetHints":{"allow":["GET"]}}],"collection":[{"href":"https:\/\/muenster.org\/altes-backhaus\/wp-json\/wp\/v2\/posts"}],"about":[{"href":"https:\/\/muenster.org\/altes-backhaus\/wp-json\/wp\/v2\/types\/post"}],"author":[{"embeddable":true,"href":"https:\/\/muenster.org\/altes-backhaus\/wp-json\/wp\/v2\/users\/47"}],"replies":[{"embeddable":true,"href":"https:\/\/muenster.org\/altes-backhaus\/wp-json\/wp\/v2\/comments?post=15943"}],"version-history":[{"count":8,"href":"https:\/\/muenster.org\/altes-backhaus\/wp-json\/wp\/v2\/posts\/15943\/revisions"}],"predecessor-version":[{"id":17759,"href":"https:\/\/muenster.org\/altes-backhaus\/wp-json\/wp\/v2\/posts\/15943\/revisions\/17759"}],"wp:featuredmedia":[{"embeddable":true,"href":"https:\/\/muenster.org\/altes-backhaus\/wp-json\/wp\/v2\/media\/15946"}],"wp:attachment":[{"href":"https:\/\/muenster.org\/altes-backhaus\/wp-json\/wp\/v2\/media?parent=15943"}],"wp:term":[{"taxonomy":"category","embeddable":true,"href":"https:\/\/muenster.org\/altes-backhaus\/wp-json\/wp\/v2\/categories?post=15943"},{"taxonomy":"post_tag","embeddable":true,"href":"https:\/\/muenster.org\/altes-backhaus\/wp-json\/wp\/v2\/tags?post=15943"}],"curies":[{"name":"wp","href":"https:\/\/api.w.org\/{rel}","templated":true}]}}