{"id":20075,"date":"2025-03-12T12:00:49","date_gmt":"2025-03-12T11:00:49","guid":{"rendered":"https:\/\/muenster.org\/altes-backhaus\/?p=20075"},"modified":"2025-03-12T13:06:35","modified_gmt":"2025-03-12T12:06:35","slug":"donnerstagsfruehstueck-mit-dem-physiotherapeuten-steffen-beckmann-am-6-april-2023-10-uhr","status":"publish","type":"post","link":"https:\/\/muenster.org\/altes-backhaus\/donnerstagsfruehstueck-mit-dem-physiotherapeuten-steffen-beckmann-am-6-april-2023-10-uhr","title":{"rendered":"Donnerstagsfr\u00fchst\u00fcck mit dem Physiotherapeuten Steffen Beckmann am 3. April, 10 Uhr"},"content":{"rendered":"\t\t<div data-elementor-type=\"wp-post\" data-elementor-id=\"20075\" class=\"elementor elementor-20075\">\n\t\t\t\t\t\t<section class=\"elementor-section elementor-top-section elementor-element elementor-element-ef14965 elementor-section-boxed elementor-section-height-default elementor-section-height-default\" data-id=\"ef14965\" data-element_type=\"section\" data-e-type=\"section\">\n\t\t\t\t\t\t<div class=\"elementor-container elementor-column-gap-default\">\n\t\t\t\t\t<div class=\"elementor-column elementor-col-100 elementor-top-column elementor-element elementor-element-5389626\" data-id=\"5389626\" data-element_type=\"column\" data-e-type=\"column\">\n\t\t\t<div class=\"elementor-widget-wrap elementor-element-populated\">\n\t\t\t\t\t\t<div class=\"elementor-element elementor-element-d38ee9f elementor-widget elementor-widget-text-editor\" data-id=\"d38ee9f\" data-element_type=\"widget\" data-e-type=\"widget\" data-widget_type=\"text-editor.default\">\n\t\t\t\t<div class=\"elementor-widget-container\">\n\t\t\t\t\t\t\t\t\t<p style=\"text-align: center;\"><strong>Faszien, Muskeln, Gelenke, Nerven &amp; Co.-<\/strong><br \/><strong>damit Ihr R\u00fccken Sie nicht in die Knie zwingt!<\/strong><br \/>Wie gelingt es, im Alter beweglich und belastbar zu bleiben?<br \/>Was sollte man tun oder lassen, um nicht ganz so schnell krumm und morsch zu werden?<br \/>Der Physiotherapeut Steffen Beckmann zeigt in seinem unterhaltsamen Vortrag, wie ein<br \/>\u201eakzeptables Altern\u201c gelingen kann.<br \/>Haben Sie auch mal wieder \u201eR\u00fccken\u201c? Oder schmerzt das Knie? Oder ist mal wieder der<br \/>Nacken verspannt?<br \/>Begeben Sie sich auf eine unterhaltsame, erheiternde und bewegende Reise durch den<br \/>kompletten K\u00f6rper. Sie lernen dabei eine \u00fcberraschende Methode kennen. Eine geradezu<br \/>verbl\u00fcffende Logik, wie Schmerzen und Arthrose entstehen &#8211; und wie man sie in den Griff<br \/>bekommen kann. Schl\u00fcssel dazu sind die alles miteinander verbindenden Faszien.<br \/>Au\u00dferdem hilft Lachen! Am besten miteinander statt \u00fcbereinander. Insbesondere \u00fcber<br \/>sich selbst. F\u00fcr ein zufriedenes Altern sind Bewegung &amp; Beweglichkeit ein wichtiger Fak-<br \/>tor. Mit den \u201eGlorreichen Sieben\u201c zeigt Steffen Beckmann einfache und alltagstaugliche<br \/>\u00dcbungen, um dem Schmerz m\u00f6glichst oft einen Schritt voraus zu sein.<\/p><p style=\"text-align: center;\"><strong>Donnerstag,<\/strong><br \/><strong>3. April 2025<\/strong><br \/><strong>10.00 Uhr<\/strong><br \/><strong>Bitte anmelden!<\/strong><\/p>\t\t\t\t\t\t\t\t<\/div>\n\t\t\t\t<\/div>\n\t\t\t\t\t<\/div>\n\t\t<\/div>\n\t\t\t\t\t<\/div>\n\t\t<\/section>\n\t\t\t\t<\/div>\n\t\t","protected":false},"excerpt":{"rendered":"<p>Faszien, Muskeln, Gelenke, Nerven &amp; Co.-damit Ihr R\u00fccken Sie nicht in die Knie zwingt!Wie gelingt es, im Alter beweglich und belastbar zu bleiben?Was sollte man tun oder lassen, um nicht ganz so schnell krumm und morsch zu werden?Der Physiotherapeut Steffen Beckmann zeigt in seinem unterhaltsamen Vortrag, wie ein\u201eakzeptables Altern\u201c gelingen kann.Haben Sie auch mal wieder&hellip;&nbsp;<\/p>\n<div class=\"read-more-wrapper\"><a href=\"https:\/\/muenster.org\/altes-backhaus\/donnerstagsfruehstueck-mit-dem-physiotherapeuten-steffen-beckmann-am-6-april-2023-10-uhr\" class=\"button button-primary\" rel=\"bookmark\">Mehr lesen &raquo;<span class=\"screen-reader-text\">Donnerstagsfr\u00fchst\u00fcck mit dem Physiotherapeuten Steffen Beckmann am 3. April, 10 Uhr<\/span><\/a><\/div>\n","protected":false},"author":49,"featured_media":20074,"comment_status":"closed","ping_status":"open","sticky":false,"template":"","format":"standard","meta":{"neve_meta_sidebar":"","neve_meta_container":"","neve_meta_enable_content_width":"off","neve_meta_content_width":70,"neve_meta_title_alignment":"","neve_meta_author_avatar":"","neve_post_elements_order":"","neve_meta_disable_header":"","neve_meta_disable_footer":"","neve_meta_disable_title":"","neve_meta_reading_time":"","_themeisle_gutenberg_block_has_review":false,"cybocfi_hide_featured_image":"","footnotes":""},"categories":[35],"tags":[],"class_list":["post-20075","post","type-post","status-publish","format-standard","has-post-thumbnail","hentry","category-angebote"],"yoast_head":"<!-- This site is optimized with the Yoast SEO plugin v27.5 - https:\/\/yoast.com\/product\/yoast-seo-wordpress\/ -->\n<title>Donnerstagsfr\u00fchst\u00fcck mit dem Physiotherapeuten Steffen Beckmann am 3. April, 10 Uhr - Altes Backhaus<\/title>\n<meta name=\"robots\" content=\"index, follow, max-snippet:-1, max-image-preview:large, max-video-preview:-1\" \/>\n<link rel=\"canonical\" href=\"https:\/\/muenster.org\/altes-backhaus\/donnerstagsfruehstueck-mit-dem-physiotherapeuten-steffen-beckmann-am-6-april-2023-10-uhr\" \/>\n<meta name=\"twitter:label1\" content=\"Verfasst von\" \/>\n\t<meta name=\"twitter:data1\" content=\"Brigitte Sickmann\" \/>\n\t<meta name=\"twitter:label2\" content=\"Gesch\u00e4tzte Lesezeit\" \/>\n\t<meta name=\"twitter:data2\" content=\"2\u00a0Minuten\" \/>\n<script type=\"application\/ld+json\" class=\"yoast-schema-graph\">{\"@context\":\"https:\\\/\\\/schema.org\",\"@graph\":[{\"@type\":\"Article\",\"@id\":\"https:\\\/\\\/muenster.org\\\/altes-backhaus\\\/donnerstagsfruehstueck-mit-dem-physiotherapeuten-steffen-beckmann-am-6-april-2023-10-uhr#article\",\"isPartOf\":{\"@id\":\"https:\\\/\\\/muenster.org\\\/altes-backhaus\\\/donnerstagsfruehstueck-mit-dem-physiotherapeuten-steffen-beckmann-am-6-april-2023-10-uhr\"},\"author\":{\"name\":\"Brigitte Sickmann\",\"@id\":\"https:\\\/\\\/muenster.org\\\/altes-backhaus\\\/#\\\/schema\\\/person\\\/c69f0efa7f716508c9df44ec5ec72ad1\"},\"headline\":\"Donnerstagsfr\u00fchst\u00fcck mit dem Physiotherapeuten Steffen Beckmann am 3. April, 10 Uhr\",\"datePublished\":\"2025-03-12T11:00:49+00:00\",\"dateModified\":\"2025-03-12T12:06:35+00:00\",\"mainEntityOfPage\":{\"@id\":\"https:\\\/\\\/muenster.org\\\/altes-backhaus\\\/donnerstagsfruehstueck-mit-dem-physiotherapeuten-steffen-beckmann-am-6-april-2023-10-uhr\"},\"wordCount\":185,\"publisher\":{\"@id\":\"https:\\\/\\\/muenster.org\\\/altes-backhaus\\\/#organization\"},\"image\":{\"@id\":\"https:\\\/\\\/muenster.org\\\/altes-backhaus\\\/donnerstagsfruehstueck-mit-dem-physiotherapeuten-steffen-beckmann-am-6-april-2023-10-uhr#primaryimage\"},\"thumbnailUrl\":\"https:\\\/\\\/muenster.org\\\/altes-backhaus\\\/wp-content\\\/uploads\\\/2023\\\/03\\\/Steffen-Beckmann-1.jpg\",\"articleSection\":[\"Angebote\"],\"inLanguage\":\"de\"},{\"@type\":\"WebPage\",\"@id\":\"https:\\\/\\\/muenster.org\\\/altes-backhaus\\\/donnerstagsfruehstueck-mit-dem-physiotherapeuten-steffen-beckmann-am-6-april-2023-10-uhr\",\"url\":\"https:\\\/\\\/muenster.org\\\/altes-backhaus\\\/donnerstagsfruehstueck-mit-dem-physiotherapeuten-steffen-beckmann-am-6-april-2023-10-uhr\",\"name\":\"Donnerstagsfr\u00fchst\u00fcck mit dem Physiotherapeuten Steffen Beckmann am 3. April, 10 Uhr - Altes Backhaus\",\"isPartOf\":{\"@id\":\"https:\\\/\\\/muenster.org\\\/altes-backhaus\\\/#website\"},\"primaryImageOfPage\":{\"@id\":\"https:\\\/\\\/muenster.org\\\/altes-backhaus\\\/donnerstagsfruehstueck-mit-dem-physiotherapeuten-steffen-beckmann-am-6-april-2023-10-uhr#primaryimage\"},\"image\":{\"@id\":\"https:\\\/\\\/muenster.org\\\/altes-backhaus\\\/donnerstagsfruehstueck-mit-dem-physiotherapeuten-steffen-beckmann-am-6-april-2023-10-uhr#primaryimage\"},\"thumbnailUrl\":\"https:\\\/\\\/muenster.org\\\/altes-backhaus\\\/wp-content\\\/uploads\\\/2023\\\/03\\\/Steffen-Beckmann-1.jpg\",\"datePublished\":\"2025-03-12T11:00:49+00:00\",\"dateModified\":\"2025-03-12T12:06:35+00:00\",\"breadcrumb\":{\"@id\":\"https:\\\/\\\/muenster.org\\\/altes-backhaus\\\/donnerstagsfruehstueck-mit-dem-physiotherapeuten-steffen-beckmann-am-6-april-2023-10-uhr#breadcrumb\"},\"inLanguage\":\"de\",\"potentialAction\":[{\"@type\":\"ReadAction\",\"target\":[\"https:\\\/\\\/muenster.org\\\/altes-backhaus\\\/donnerstagsfruehstueck-mit-dem-physiotherapeuten-steffen-beckmann-am-6-april-2023-10-uhr\"]}]},{\"@type\":\"ImageObject\",\"inLanguage\":\"de\",\"@id\":\"https:\\\/\\\/muenster.org\\\/altes-backhaus\\\/donnerstagsfruehstueck-mit-dem-physiotherapeuten-steffen-beckmann-am-6-april-2023-10-uhr#primaryimage\",\"url\":\"https:\\\/\\\/muenster.org\\\/altes-backhaus\\\/wp-content\\\/uploads\\\/2023\\\/03\\\/Steffen-Beckmann-1.jpg\",\"contentUrl\":\"https:\\\/\\\/muenster.org\\\/altes-backhaus\\\/wp-content\\\/uploads\\\/2023\\\/03\\\/Steffen-Beckmann-1.jpg\",\"width\":741,\"height\":557},{\"@type\":\"BreadcrumbList\",\"@id\":\"https:\\\/\\\/muenster.org\\\/altes-backhaus\\\/donnerstagsfruehstueck-mit-dem-physiotherapeuten-steffen-beckmann-am-6-april-2023-10-uhr#breadcrumb\",\"itemListElement\":[{\"@type\":\"ListItem\",\"position\":1,\"name\":\"Home\",\"item\":\"https:\\\/\\\/muenster.org\\\/altes-backhaus\\\/\"},{\"@type\":\"ListItem\",\"position\":2,\"name\":\"Donnerstagsfr\u00fchst\u00fcck mit dem Physiotherapeuten Steffen Beckmann am 3. April, 10 Uhr\"}]},{\"@type\":\"WebSite\",\"@id\":\"https:\\\/\\\/muenster.org\\\/altes-backhaus\\\/#website\",\"url\":\"https:\\\/\\\/muenster.org\\\/altes-backhaus\\\/\",\"name\":\"Altes Backhaus\",\"description\":\"Die Begegnungs- und Bildungsst\u00e4tte im Kreuzviertel\",\"publisher\":{\"@id\":\"https:\\\/\\\/muenster.org\\\/altes-backhaus\\\/#organization\"},\"potentialAction\":[{\"@type\":\"SearchAction\",\"target\":{\"@type\":\"EntryPoint\",\"urlTemplate\":\"https:\\\/\\\/muenster.org\\\/altes-backhaus\\\/?s={search_term_string}\"},\"query-input\":{\"@type\":\"PropertyValueSpecification\",\"valueRequired\":true,\"valueName\":\"search_term_string\"}}],\"inLanguage\":\"de\"},{\"@type\":\"Organization\",\"@id\":\"https:\\\/\\\/muenster.org\\\/altes-backhaus\\\/#organization\",\"name\":\"Altes Backhaus\",\"url\":\"https:\\\/\\\/muenster.org\\\/altes-backhaus\\\/\",\"logo\":{\"@type\":\"ImageObject\",\"inLanguage\":\"de\",\"@id\":\"https:\\\/\\\/muenster.org\\\/altes-backhaus\\\/#\\\/schema\\\/logo\\\/image\\\/\",\"url\":\"https:\\\/\\\/muenster.org\\\/altes-backhaus\\\/wp-content\\\/uploads\\\/2020\\\/05\\\/cropped-logo.jpg\",\"contentUrl\":\"https:\\\/\\\/muenster.org\\\/altes-backhaus\\\/wp-content\\\/uploads\\\/2020\\\/05\\\/cropped-logo.jpg\",\"width\":287,\"height\":95,\"caption\":\"Altes Backhaus\"},\"image\":{\"@id\":\"https:\\\/\\\/muenster.org\\\/altes-backhaus\\\/#\\\/schema\\\/logo\\\/image\\\/\"}},{\"@type\":\"Person\",\"@id\":\"https:\\\/\\\/muenster.org\\\/altes-backhaus\\\/#\\\/schema\\\/person\\\/c69f0efa7f716508c9df44ec5ec72ad1\",\"name\":\"Brigitte Sickmann\",\"url\":\"https:\\\/\\\/muenster.org\\\/altes-backhaus\\\/author\\\/brigitte-sickmann\"}]}<\/script>\n<!-- \/ Yoast SEO plugin. -->","yoast_head_json":{"title":"Donnerstagsfr\u00fchst\u00fcck mit dem Physiotherapeuten Steffen Beckmann am 3. April, 10 Uhr - Altes Backhaus","robots":{"index":"index","follow":"follow","max-snippet":"max-snippet:-1","max-image-preview":"max-image-preview:large","max-video-preview":"max-video-preview:-1"},"canonical":"https:\/\/muenster.org\/altes-backhaus\/donnerstagsfruehstueck-mit-dem-physiotherapeuten-steffen-beckmann-am-6-april-2023-10-uhr","twitter_misc":{"Verfasst von":"Brigitte Sickmann","Gesch\u00e4tzte Lesezeit":"2\u00a0Minuten"},"schema":{"@context":"https:\/\/schema.org","@graph":[{"@type":"Article","@id":"https:\/\/muenster.org\/altes-backhaus\/donnerstagsfruehstueck-mit-dem-physiotherapeuten-steffen-beckmann-am-6-april-2023-10-uhr#article","isPartOf":{"@id":"https:\/\/muenster.org\/altes-backhaus\/donnerstagsfruehstueck-mit-dem-physiotherapeuten-steffen-beckmann-am-6-april-2023-10-uhr"},"author":{"name":"Brigitte Sickmann","@id":"https:\/\/muenster.org\/altes-backhaus\/#\/schema\/person\/c69f0efa7f716508c9df44ec5ec72ad1"},"headline":"Donnerstagsfr\u00fchst\u00fcck mit dem Physiotherapeuten Steffen Beckmann am 3. April, 10 Uhr","datePublished":"2025-03-12T11:00:49+00:00","dateModified":"2025-03-12T12:06:35+00:00","mainEntityOfPage":{"@id":"https:\/\/muenster.org\/altes-backhaus\/donnerstagsfruehstueck-mit-dem-physiotherapeuten-steffen-beckmann-am-6-april-2023-10-uhr"},"wordCount":185,"publisher":{"@id":"https:\/\/muenster.org\/altes-backhaus\/#organization"},"image":{"@id":"https:\/\/muenster.org\/altes-backhaus\/donnerstagsfruehstueck-mit-dem-physiotherapeuten-steffen-beckmann-am-6-april-2023-10-uhr#primaryimage"},"thumbnailUrl":"https:\/\/muenster.org\/altes-backhaus\/wp-content\/uploads\/2023\/03\/Steffen-Beckmann-1.jpg","articleSection":["Angebote"],"inLanguage":"de"},{"@type":"WebPage","@id":"https:\/\/muenster.org\/altes-backhaus\/donnerstagsfruehstueck-mit-dem-physiotherapeuten-steffen-beckmann-am-6-april-2023-10-uhr","url":"https:\/\/muenster.org\/altes-backhaus\/donnerstagsfruehstueck-mit-dem-physiotherapeuten-steffen-beckmann-am-6-april-2023-10-uhr","name":"Donnerstagsfr\u00fchst\u00fcck mit dem Physiotherapeuten Steffen Beckmann am 3. April, 10 Uhr - Altes Backhaus","isPartOf":{"@id":"https:\/\/muenster.org\/altes-backhaus\/#website"},"primaryImageOfPage":{"@id":"https:\/\/muenster.org\/altes-backhaus\/donnerstagsfruehstueck-mit-dem-physiotherapeuten-steffen-beckmann-am-6-april-2023-10-uhr#primaryimage"},"image":{"@id":"https:\/\/muenster.org\/altes-backhaus\/donnerstagsfruehstueck-mit-dem-physiotherapeuten-steffen-beckmann-am-6-april-2023-10-uhr#primaryimage"},"thumbnailUrl":"https:\/\/muenster.org\/altes-backhaus\/wp-content\/uploads\/2023\/03\/Steffen-Beckmann-1.jpg","datePublished":"2025-03-12T11:00:49+00:00","dateModified":"2025-03-12T12:06:35+00:00","breadcrumb":{"@id":"https:\/\/muenster.org\/altes-backhaus\/donnerstagsfruehstueck-mit-dem-physiotherapeuten-steffen-beckmann-am-6-april-2023-10-uhr#breadcrumb"},"inLanguage":"de","potentialAction":[{"@type":"ReadAction","target":["https:\/\/muenster.org\/altes-backhaus\/donnerstagsfruehstueck-mit-dem-physiotherapeuten-steffen-beckmann-am-6-april-2023-10-uhr"]}]},{"@type":"ImageObject","inLanguage":"de","@id":"https:\/\/muenster.org\/altes-backhaus\/donnerstagsfruehstueck-mit-dem-physiotherapeuten-steffen-beckmann-am-6-april-2023-10-uhr#primaryimage","url":"https:\/\/muenster.org\/altes-backhaus\/wp-content\/uploads\/2023\/03\/Steffen-Beckmann-1.jpg","contentUrl":"https:\/\/muenster.org\/altes-backhaus\/wp-content\/uploads\/2023\/03\/Steffen-Beckmann-1.jpg","width":741,"height":557},{"@type":"BreadcrumbList","@id":"https:\/\/muenster.org\/altes-backhaus\/donnerstagsfruehstueck-mit-dem-physiotherapeuten-steffen-beckmann-am-6-april-2023-10-uhr#breadcrumb","itemListElement":[{"@type":"ListItem","position":1,"name":"Home","item":"https:\/\/muenster.org\/altes-backhaus\/"},{"@type":"ListItem","position":2,"name":"Donnerstagsfr\u00fchst\u00fcck mit dem Physiotherapeuten Steffen Beckmann am 3. April, 10 Uhr"}]},{"@type":"WebSite","@id":"https:\/\/muenster.org\/altes-backhaus\/#website","url":"https:\/\/muenster.org\/altes-backhaus\/","name":"Altes Backhaus","description":"Die Begegnungs- und Bildungsst\u00e4tte im Kreuzviertel","publisher":{"@id":"https:\/\/muenster.org\/altes-backhaus\/#organization"},"potentialAction":[{"@type":"SearchAction","target":{"@type":"EntryPoint","urlTemplate":"https:\/\/muenster.org\/altes-backhaus\/?s={search_term_string}"},"query-input":{"@type":"PropertyValueSpecification","valueRequired":true,"valueName":"search_term_string"}}],"inLanguage":"de"},{"@type":"Organization","@id":"https:\/\/muenster.org\/altes-backhaus\/#organization","name":"Altes Backhaus","url":"https:\/\/muenster.org\/altes-backhaus\/","logo":{"@type":"ImageObject","inLanguage":"de","@id":"https:\/\/muenster.org\/altes-backhaus\/#\/schema\/logo\/image\/","url":"https:\/\/muenster.org\/altes-backhaus\/wp-content\/uploads\/2020\/05\/cropped-logo.jpg","contentUrl":"https:\/\/muenster.org\/altes-backhaus\/wp-content\/uploads\/2020\/05\/cropped-logo.jpg","width":287,"height":95,"caption":"Altes Backhaus"},"image":{"@id":"https:\/\/muenster.org\/altes-backhaus\/#\/schema\/logo\/image\/"}},{"@type":"Person","@id":"https:\/\/muenster.org\/altes-backhaus\/#\/schema\/person\/c69f0efa7f716508c9df44ec5ec72ad1","name":"Brigitte Sickmann","url":"https:\/\/muenster.org\/altes-backhaus\/author\/brigitte-sickmann"}]}},"amp_enabled":true,"rttpg_featured_image_url":{"full":["https:\/\/muenster.org\/altes-backhaus\/wp-content\/uploads\/2023\/03\/Steffen-Beckmann-1.jpg",741,557,false],"landscape":["https:\/\/muenster.org\/altes-backhaus\/wp-content\/uploads\/2023\/03\/Steffen-Beckmann-1.jpg",741,557,false],"portraits":["https:\/\/muenster.org\/altes-backhaus\/wp-content\/uploads\/2023\/03\/Steffen-Beckmann-1.jpg",741,557,false],"thumbnail":["https:\/\/muenster.org\/altes-backhaus\/wp-content\/uploads\/2023\/03\/Steffen-Beckmann-1-150x150.jpg",150,150,true],"medium":["https:\/\/muenster.org\/altes-backhaus\/wp-content\/uploads\/2023\/03\/Steffen-Beckmann-1-300x226.jpg",300,226,true],"large":["https:\/\/muenster.org\/altes-backhaus\/wp-content\/uploads\/2023\/03\/Steffen-Beckmann-1.jpg",741,557,false],"1536x1536":["https:\/\/muenster.org\/altes-backhaus\/wp-content\/uploads\/2023\/03\/Steffen-Beckmann-1.jpg",741,557,false],"2048x2048":["https:\/\/muenster.org\/altes-backhaus\/wp-content\/uploads\/2023\/03\/Steffen-Beckmann-1.jpg",741,557,false],"neve-blog":["https:\/\/muenster.org\/altes-backhaus\/wp-content\/uploads\/2023\/03\/Steffen-Beckmann-1.jpg",741,557,false]},"rttpg_author":{"display_name":"Brigitte Sickmann","author_link":"https:\/\/muenster.org\/altes-backhaus\/author\/brigitte-sickmann"},"rttpg_comment":0,"rttpg_category":"<a href=\"https:\/\/muenster.org\/altes-backhaus\/Sprachen\/angebote\" rel=\"category tag\">Angebote<\/a>","rttpg_excerpt":"Faszien, Muskeln, Gelenke, Nerven &amp; Co.-damit Ihr R\u00fccken Sie nicht in die Knie zwingt!Wie gelingt es, im Alter beweglich und belastbar zu bleiben?Was sollte man tun oder lassen, um nicht ganz so schnell krumm und morsch zu werden?Der Physiotherapeut Steffen Beckmann zeigt in seinem unterhaltsamen Vortrag, wie ein\u201eakzeptables Altern\u201c gelingen kann.Haben Sie auch mal wieder&hellip;&nbsp;Mehr&hellip;","_links":{"self":[{"href":"https:\/\/muenster.org\/altes-backhaus\/wp-json\/wp\/v2\/posts\/20075","targetHints":{"allow":["GET"]}}],"collection":[{"href":"https:\/\/muenster.org\/altes-backhaus\/wp-json\/wp\/v2\/posts"}],"about":[{"href":"https:\/\/muenster.org\/altes-backhaus\/wp-json\/wp\/v2\/types\/post"}],"author":[{"embeddable":true,"href":"https:\/\/muenster.org\/altes-backhaus\/wp-json\/wp\/v2\/users\/49"}],"replies":[{"embeddable":true,"href":"https:\/\/muenster.org\/altes-backhaus\/wp-json\/wp\/v2\/comments?post=20075"}],"version-history":[{"count":9,"href":"https:\/\/muenster.org\/altes-backhaus\/wp-json\/wp\/v2\/posts\/20075\/revisions"}],"predecessor-version":[{"id":23585,"href":"https:\/\/muenster.org\/altes-backhaus\/wp-json\/wp\/v2\/posts\/20075\/revisions\/23585"}],"wp:featuredmedia":[{"embeddable":true,"href":"https:\/\/muenster.org\/altes-backhaus\/wp-json\/wp\/v2\/media\/20074"}],"wp:attachment":[{"href":"https:\/\/muenster.org\/altes-backhaus\/wp-json\/wp\/v2\/media?parent=20075"}],"wp:term":[{"taxonomy":"category","embeddable":true,"href":"https:\/\/muenster.org\/altes-backhaus\/wp-json\/wp\/v2\/categories?post=20075"},{"taxonomy":"post_tag","embeddable":true,"href":"https:\/\/muenster.org\/altes-backhaus\/wp-json\/wp\/v2\/tags?post=20075"}],"curies":[{"name":"wp","href":"https:\/\/api.w.org\/{rel}","templated":true}]}}