{"id":23344,"date":"2025-01-24T14:42:38","date_gmt":"2025-01-24T13:42:38","guid":{"rendered":"https:\/\/muenster.org\/altes-backhaus\/?p=23344"},"modified":"2026-03-30T17:08:24","modified_gmt":"2026-03-30T16:08:24","slug":"buch-des-monats-thema-des-monats-3","status":"publish","type":"post","link":"https:\/\/muenster.org\/altes-backhaus\/buch-des-monats-thema-des-monats-3","title":{"rendered":"Buch des Monats &#8211; Thema des Monats"},"content":{"rendered":"\t\t<div data-elementor-type=\"wp-post\" data-elementor-id=\"23344\" class=\"elementor elementor-23344\">\n\t\t\t\t\t\t<section class=\"elementor-section elementor-top-section elementor-element elementor-element-635f8aa elementor-section-boxed elementor-section-height-default elementor-section-height-default\" data-id=\"635f8aa\" data-element_type=\"section\" data-e-type=\"section\">\n\t\t\t\t\t\t<div class=\"elementor-container elementor-column-gap-default\">\n\t\t\t\t\t<div class=\"elementor-column elementor-col-100 elementor-top-column elementor-element elementor-element-101f276\" data-id=\"101f276\" data-element_type=\"column\" data-e-type=\"column\">\n\t\t\t<div class=\"elementor-widget-wrap elementor-element-populated\">\n\t\t\t\t\t\t<div class=\"elementor-element elementor-element-05b62ab elementor-widget elementor-widget-text-editor\" data-id=\"05b62ab\" data-element_type=\"widget\" data-e-type=\"widget\" data-widget_type=\"text-editor.default\">\n\t\t\t\t<div class=\"elementor-widget-container\">\n\t\t\t\t\t\t\t\t\t<p><strong>Buch des Monats \/ Thema des Monats<\/strong><\/p><p>Prof. Dr. Ferdinand Menne l\u00e4dt mehrmals im Jahr dazu ein, im Alten Backhaus \u00fcber B\u00fccher und ihre Autoren zu reden. Seine Themenvorgaben sind breit gef\u00e4chert und reichen von bemerkenswerten Frauen bis zu Franz Kafka. Die Veranstaltungen mit Prof. Menne finden alle zwei Monate am 3. Donnerstag statt und beginnen stets um 10 Uhr. Schauen Sie \u00f6fter unter <a href=\"https:\/\/muenster.org\/altes-backhaus\/aktuelles-2\">\u201eAktuelles\u201c<\/a> auf dieser Website nach, dort werden die Termine aktuell angek\u00fcndigt.<\/p>\t\t\t\t\t\t\t\t<\/div>\n\t\t\t\t<\/div>\n\t\t\t\t\t<\/div>\n\t\t<\/div>\n\t\t\t\t\t<\/div>\n\t\t<\/section>\n\t\t\t\t<\/div>\n\t\t","protected":false},"excerpt":{"rendered":"<p>Buch des Monats \/ Thema des Monats Prof. Dr. Ferdinand Menne l\u00e4dt mehrmals im Jahr dazu ein, im Alten Backhaus \u00fcber B\u00fccher und ihre Autoren zu reden. Seine Themenvorgaben sind breit gef\u00e4chert und reichen von bemerkenswerten Frauen bis zu Franz Kafka. Die Veranstaltungen mit Prof. Menne finden alle zwei Monate am 3. Donnerstag statt und&hellip;&nbsp;<\/p>\n<div class=\"read-more-wrapper\"><a href=\"https:\/\/muenster.org\/altes-backhaus\/buch-des-monats-thema-des-monats-3\" class=\"button button-primary\" rel=\"bookmark\">Mehr lesen &raquo;<span class=\"screen-reader-text\">Buch des Monats &#8211; Thema des Monats<\/span><\/a><\/div>\n","protected":false},"author":50,"featured_media":23327,"comment_status":"closed","ping_status":"open","sticky":false,"template":"","format":"standard","meta":{"neve_meta_sidebar":"","neve_meta_container":"","neve_meta_enable_content_width":"off","neve_meta_content_width":70,"neve_meta_title_alignment":"","neve_meta_author_avatar":"","neve_post_elements_order":"","neve_meta_disable_header":"","neve_meta_disable_footer":"","neve_meta_disable_title":"","neve_meta_reading_time":"","_themeisle_gutenberg_block_has_review":false,"cybocfi_hide_featured_image":"","footnotes":""},"categories":[35],"tags":[],"class_list":["post-23344","post","type-post","status-publish","format-standard","has-post-thumbnail","hentry","category-angebote"],"yoast_head":"<!-- This site is optimized with the Yoast SEO plugin v27.5 - https:\/\/yoast.com\/product\/yoast-seo-wordpress\/ -->\n<title>Buch des Monats - Thema des Monats - Altes Backhaus<\/title>\n<meta name=\"robots\" content=\"index, follow, max-snippet:-1, max-image-preview:large, max-video-preview:-1\" \/>\n<link rel=\"canonical\" href=\"https:\/\/muenster.org\/altes-backhaus\/buch-des-monats-thema-des-monats-3\" \/>\n<meta name=\"twitter:label1\" content=\"Verfasst von\" \/>\n\t<meta name=\"twitter:data1\" content=\"Ilona Z\u00fchlke\" \/>\n\t<meta name=\"twitter:label2\" content=\"Gesch\u00e4tzte Lesezeit\" \/>\n\t<meta name=\"twitter:data2\" content=\"1\u00a0Minute\" \/>\n<script type=\"application\/ld+json\" class=\"yoast-schema-graph\">{\"@context\":\"https:\\\/\\\/schema.org\",\"@graph\":[{\"@type\":\"Article\",\"@id\":\"https:\\\/\\\/muenster.org\\\/altes-backhaus\\\/buch-des-monats-thema-des-monats-3#article\",\"isPartOf\":{\"@id\":\"https:\\\/\\\/muenster.org\\\/altes-backhaus\\\/buch-des-monats-thema-des-monats-3\"},\"author\":{\"name\":\"Ilona Z\u00fchlke\",\"@id\":\"https:\\\/\\\/muenster.org\\\/altes-backhaus\\\/#\\\/schema\\\/person\\\/2f6483204a37970b25de577908748d27\"},\"headline\":\"Buch des Monats &#8211; Thema des Monats\",\"datePublished\":\"2025-01-24T13:42:38+00:00\",\"dateModified\":\"2026-03-30T16:08:24+00:00\",\"mainEntityOfPage\":{\"@id\":\"https:\\\/\\\/muenster.org\\\/altes-backhaus\\\/buch-des-monats-thema-des-monats-3\"},\"wordCount\":83,\"publisher\":{\"@id\":\"https:\\\/\\\/muenster.org\\\/altes-backhaus\\\/#organization\"},\"image\":{\"@id\":\"https:\\\/\\\/muenster.org\\\/altes-backhaus\\\/buch-des-monats-thema-des-monats-3#primaryimage\"},\"thumbnailUrl\":\"https:\\\/\\\/muenster.org\\\/altes-backhaus\\\/wp-content\\\/uploads\\\/2025\\\/01\\\/Buch-des-Monats.jpg\",\"articleSection\":[\"Angebote\"],\"inLanguage\":\"de\"},{\"@type\":\"WebPage\",\"@id\":\"https:\\\/\\\/muenster.org\\\/altes-backhaus\\\/buch-des-monats-thema-des-monats-3\",\"url\":\"https:\\\/\\\/muenster.org\\\/altes-backhaus\\\/buch-des-monats-thema-des-monats-3\",\"name\":\"Buch des Monats - Thema des Monats - Altes Backhaus\",\"isPartOf\":{\"@id\":\"https:\\\/\\\/muenster.org\\\/altes-backhaus\\\/#website\"},\"primaryImageOfPage\":{\"@id\":\"https:\\\/\\\/muenster.org\\\/altes-backhaus\\\/buch-des-monats-thema-des-monats-3#primaryimage\"},\"image\":{\"@id\":\"https:\\\/\\\/muenster.org\\\/altes-backhaus\\\/buch-des-monats-thema-des-monats-3#primaryimage\"},\"thumbnailUrl\":\"https:\\\/\\\/muenster.org\\\/altes-backhaus\\\/wp-content\\\/uploads\\\/2025\\\/01\\\/Buch-des-Monats.jpg\",\"datePublished\":\"2025-01-24T13:42:38+00:00\",\"dateModified\":\"2026-03-30T16:08:24+00:00\",\"breadcrumb\":{\"@id\":\"https:\\\/\\\/muenster.org\\\/altes-backhaus\\\/buch-des-monats-thema-des-monats-3#breadcrumb\"},\"inLanguage\":\"de\",\"potentialAction\":[{\"@type\":\"ReadAction\",\"target\":[\"https:\\\/\\\/muenster.org\\\/altes-backhaus\\\/buch-des-monats-thema-des-monats-3\"]}]},{\"@type\":\"ImageObject\",\"inLanguage\":\"de\",\"@id\":\"https:\\\/\\\/muenster.org\\\/altes-backhaus\\\/buch-des-monats-thema-des-monats-3#primaryimage\",\"url\":\"https:\\\/\\\/muenster.org\\\/altes-backhaus\\\/wp-content\\\/uploads\\\/2025\\\/01\\\/Buch-des-Monats.jpg\",\"contentUrl\":\"https:\\\/\\\/muenster.org\\\/altes-backhaus\\\/wp-content\\\/uploads\\\/2025\\\/01\\\/Buch-des-Monats.jpg\",\"width\":769,\"height\":769},{\"@type\":\"BreadcrumbList\",\"@id\":\"https:\\\/\\\/muenster.org\\\/altes-backhaus\\\/buch-des-monats-thema-des-monats-3#breadcrumb\",\"itemListElement\":[{\"@type\":\"ListItem\",\"position\":1,\"name\":\"Home\",\"item\":\"https:\\\/\\\/muenster.org\\\/altes-backhaus\\\/\"},{\"@type\":\"ListItem\",\"position\":2,\"name\":\"Buch des Monats &#8211; Thema des Monats\"}]},{\"@type\":\"WebSite\",\"@id\":\"https:\\\/\\\/muenster.org\\\/altes-backhaus\\\/#website\",\"url\":\"https:\\\/\\\/muenster.org\\\/altes-backhaus\\\/\",\"name\":\"Altes Backhaus\",\"description\":\"Die Begegnungs- und Bildungsst\u00e4tte im Kreuzviertel\",\"publisher\":{\"@id\":\"https:\\\/\\\/muenster.org\\\/altes-backhaus\\\/#organization\"},\"potentialAction\":[{\"@type\":\"SearchAction\",\"target\":{\"@type\":\"EntryPoint\",\"urlTemplate\":\"https:\\\/\\\/muenster.org\\\/altes-backhaus\\\/?s={search_term_string}\"},\"query-input\":{\"@type\":\"PropertyValueSpecification\",\"valueRequired\":true,\"valueName\":\"search_term_string\"}}],\"inLanguage\":\"de\"},{\"@type\":\"Organization\",\"@id\":\"https:\\\/\\\/muenster.org\\\/altes-backhaus\\\/#organization\",\"name\":\"Altes Backhaus\",\"url\":\"https:\\\/\\\/muenster.org\\\/altes-backhaus\\\/\",\"logo\":{\"@type\":\"ImageObject\",\"inLanguage\":\"de\",\"@id\":\"https:\\\/\\\/muenster.org\\\/altes-backhaus\\\/#\\\/schema\\\/logo\\\/image\\\/\",\"url\":\"https:\\\/\\\/muenster.org\\\/altes-backhaus\\\/wp-content\\\/uploads\\\/2020\\\/05\\\/cropped-logo.jpg\",\"contentUrl\":\"https:\\\/\\\/muenster.org\\\/altes-backhaus\\\/wp-content\\\/uploads\\\/2020\\\/05\\\/cropped-logo.jpg\",\"width\":287,\"height\":95,\"caption\":\"Altes Backhaus\"},\"image\":{\"@id\":\"https:\\\/\\\/muenster.org\\\/altes-backhaus\\\/#\\\/schema\\\/logo\\\/image\\\/\"}},{\"@type\":\"Person\",\"@id\":\"https:\\\/\\\/muenster.org\\\/altes-backhaus\\\/#\\\/schema\\\/person\\\/2f6483204a37970b25de577908748d27\",\"name\":\"Ilona Z\u00fchlke\",\"url\":\"https:\\\/\\\/muenster.org\\\/altes-backhaus\\\/author\\\/ilona\"}]}<\/script>\n<!-- \/ Yoast SEO plugin. -->","yoast_head_json":{"title":"Buch des Monats - Thema des Monats - Altes Backhaus","robots":{"index":"index","follow":"follow","max-snippet":"max-snippet:-1","max-image-preview":"max-image-preview:large","max-video-preview":"max-video-preview:-1"},"canonical":"https:\/\/muenster.org\/altes-backhaus\/buch-des-monats-thema-des-monats-3","twitter_misc":{"Verfasst von":"Ilona Z\u00fchlke","Gesch\u00e4tzte Lesezeit":"1\u00a0Minute"},"schema":{"@context":"https:\/\/schema.org","@graph":[{"@type":"Article","@id":"https:\/\/muenster.org\/altes-backhaus\/buch-des-monats-thema-des-monats-3#article","isPartOf":{"@id":"https:\/\/muenster.org\/altes-backhaus\/buch-des-monats-thema-des-monats-3"},"author":{"name":"Ilona Z\u00fchlke","@id":"https:\/\/muenster.org\/altes-backhaus\/#\/schema\/person\/2f6483204a37970b25de577908748d27"},"headline":"Buch des Monats &#8211; Thema des Monats","datePublished":"2025-01-24T13:42:38+00:00","dateModified":"2026-03-30T16:08:24+00:00","mainEntityOfPage":{"@id":"https:\/\/muenster.org\/altes-backhaus\/buch-des-monats-thema-des-monats-3"},"wordCount":83,"publisher":{"@id":"https:\/\/muenster.org\/altes-backhaus\/#organization"},"image":{"@id":"https:\/\/muenster.org\/altes-backhaus\/buch-des-monats-thema-des-monats-3#primaryimage"},"thumbnailUrl":"https:\/\/muenster.org\/altes-backhaus\/wp-content\/uploads\/2025\/01\/Buch-des-Monats.jpg","articleSection":["Angebote"],"inLanguage":"de"},{"@type":"WebPage","@id":"https:\/\/muenster.org\/altes-backhaus\/buch-des-monats-thema-des-monats-3","url":"https:\/\/muenster.org\/altes-backhaus\/buch-des-monats-thema-des-monats-3","name":"Buch des Monats - Thema des Monats - Altes Backhaus","isPartOf":{"@id":"https:\/\/muenster.org\/altes-backhaus\/#website"},"primaryImageOfPage":{"@id":"https:\/\/muenster.org\/altes-backhaus\/buch-des-monats-thema-des-monats-3#primaryimage"},"image":{"@id":"https:\/\/muenster.org\/altes-backhaus\/buch-des-monats-thema-des-monats-3#primaryimage"},"thumbnailUrl":"https:\/\/muenster.org\/altes-backhaus\/wp-content\/uploads\/2025\/01\/Buch-des-Monats.jpg","datePublished":"2025-01-24T13:42:38+00:00","dateModified":"2026-03-30T16:08:24+00:00","breadcrumb":{"@id":"https:\/\/muenster.org\/altes-backhaus\/buch-des-monats-thema-des-monats-3#breadcrumb"},"inLanguage":"de","potentialAction":[{"@type":"ReadAction","target":["https:\/\/muenster.org\/altes-backhaus\/buch-des-monats-thema-des-monats-3"]}]},{"@type":"ImageObject","inLanguage":"de","@id":"https:\/\/muenster.org\/altes-backhaus\/buch-des-monats-thema-des-monats-3#primaryimage","url":"https:\/\/muenster.org\/altes-backhaus\/wp-content\/uploads\/2025\/01\/Buch-des-Monats.jpg","contentUrl":"https:\/\/muenster.org\/altes-backhaus\/wp-content\/uploads\/2025\/01\/Buch-des-Monats.jpg","width":769,"height":769},{"@type":"BreadcrumbList","@id":"https:\/\/muenster.org\/altes-backhaus\/buch-des-monats-thema-des-monats-3#breadcrumb","itemListElement":[{"@type":"ListItem","position":1,"name":"Home","item":"https:\/\/muenster.org\/altes-backhaus\/"},{"@type":"ListItem","position":2,"name":"Buch des Monats &#8211; Thema des Monats"}]},{"@type":"WebSite","@id":"https:\/\/muenster.org\/altes-backhaus\/#website","url":"https:\/\/muenster.org\/altes-backhaus\/","name":"Altes Backhaus","description":"Die Begegnungs- und Bildungsst\u00e4tte im Kreuzviertel","publisher":{"@id":"https:\/\/muenster.org\/altes-backhaus\/#organization"},"potentialAction":[{"@type":"SearchAction","target":{"@type":"EntryPoint","urlTemplate":"https:\/\/muenster.org\/altes-backhaus\/?s={search_term_string}"},"query-input":{"@type":"PropertyValueSpecification","valueRequired":true,"valueName":"search_term_string"}}],"inLanguage":"de"},{"@type":"Organization","@id":"https:\/\/muenster.org\/altes-backhaus\/#organization","name":"Altes Backhaus","url":"https:\/\/muenster.org\/altes-backhaus\/","logo":{"@type":"ImageObject","inLanguage":"de","@id":"https:\/\/muenster.org\/altes-backhaus\/#\/schema\/logo\/image\/","url":"https:\/\/muenster.org\/altes-backhaus\/wp-content\/uploads\/2020\/05\/cropped-logo.jpg","contentUrl":"https:\/\/muenster.org\/altes-backhaus\/wp-content\/uploads\/2020\/05\/cropped-logo.jpg","width":287,"height":95,"caption":"Altes Backhaus"},"image":{"@id":"https:\/\/muenster.org\/altes-backhaus\/#\/schema\/logo\/image\/"}},{"@type":"Person","@id":"https:\/\/muenster.org\/altes-backhaus\/#\/schema\/person\/2f6483204a37970b25de577908748d27","name":"Ilona Z\u00fchlke","url":"https:\/\/muenster.org\/altes-backhaus\/author\/ilona"}]}},"amp_enabled":true,"rttpg_featured_image_url":{"full":["https:\/\/muenster.org\/altes-backhaus\/wp-content\/uploads\/2025\/01\/Buch-des-Monats.jpg",769,769,false],"landscape":["https:\/\/muenster.org\/altes-backhaus\/wp-content\/uploads\/2025\/01\/Buch-des-Monats.jpg",769,769,false],"portraits":["https:\/\/muenster.org\/altes-backhaus\/wp-content\/uploads\/2025\/01\/Buch-des-Monats.jpg",769,769,false],"thumbnail":["https:\/\/muenster.org\/altes-backhaus\/wp-content\/uploads\/2025\/01\/Buch-des-Monats-150x150.jpg",150,150,true],"medium":["https:\/\/muenster.org\/altes-backhaus\/wp-content\/uploads\/2025\/01\/Buch-des-Monats-300x300.jpg",300,300,true],"large":["https:\/\/muenster.org\/altes-backhaus\/wp-content\/uploads\/2025\/01\/Buch-des-Monats.jpg",769,769,false],"1536x1536":["https:\/\/muenster.org\/altes-backhaus\/wp-content\/uploads\/2025\/01\/Buch-des-Monats.jpg",769,769,false],"2048x2048":["https:\/\/muenster.org\/altes-backhaus\/wp-content\/uploads\/2025\/01\/Buch-des-Monats.jpg",769,769,false],"neve-blog":["https:\/\/muenster.org\/altes-backhaus\/wp-content\/uploads\/2025\/01\/Buch-des-Monats-769x620.jpg",769,620,true]},"rttpg_author":{"display_name":"Ilona Z\u00fchlke","author_link":"https:\/\/muenster.org\/altes-backhaus\/author\/ilona"},"rttpg_comment":0,"rttpg_category":"<a href=\"https:\/\/muenster.org\/altes-backhaus\/Sprachen\/angebote\" rel=\"category tag\">Angebote<\/a>","rttpg_excerpt":"Buch des Monats \/ Thema des Monats Prof. Dr. Ferdinand Menne l\u00e4dt mehrmals im Jahr dazu ein, im Alten Backhaus \u00fcber B\u00fccher und ihre Autoren zu reden. Seine Themenvorgaben sind breit gef\u00e4chert und reichen von bemerkenswerten Frauen bis zu Franz Kafka. Die Veranstaltungen mit Prof. Menne finden alle zwei Monate am 3. Donnerstag statt und&hellip;&nbsp;Mehr&hellip;","_links":{"self":[{"href":"https:\/\/muenster.org\/altes-backhaus\/wp-json\/wp\/v2\/posts\/23344","targetHints":{"allow":["GET"]}}],"collection":[{"href":"https:\/\/muenster.org\/altes-backhaus\/wp-json\/wp\/v2\/posts"}],"about":[{"href":"https:\/\/muenster.org\/altes-backhaus\/wp-json\/wp\/v2\/types\/post"}],"author":[{"embeddable":true,"href":"https:\/\/muenster.org\/altes-backhaus\/wp-json\/wp\/v2\/users\/50"}],"replies":[{"embeddable":true,"href":"https:\/\/muenster.org\/altes-backhaus\/wp-json\/wp\/v2\/comments?post=23344"}],"version-history":[{"count":12,"href":"https:\/\/muenster.org\/altes-backhaus\/wp-json\/wp\/v2\/posts\/23344\/revisions"}],"predecessor-version":[{"id":24909,"href":"https:\/\/muenster.org\/altes-backhaus\/wp-json\/wp\/v2\/posts\/23344\/revisions\/24909"}],"wp:featuredmedia":[{"embeddable":true,"href":"https:\/\/muenster.org\/altes-backhaus\/wp-json\/wp\/v2\/media\/23327"}],"wp:attachment":[{"href":"https:\/\/muenster.org\/altes-backhaus\/wp-json\/wp\/v2\/media?parent=23344"}],"wp:term":[{"taxonomy":"category","embeddable":true,"href":"https:\/\/muenster.org\/altes-backhaus\/wp-json\/wp\/v2\/categories?post=23344"},{"taxonomy":"post_tag","embeddable":true,"href":"https:\/\/muenster.org\/altes-backhaus\/wp-json\/wp\/v2\/tags?post=23344"}],"curies":[{"name":"wp","href":"https:\/\/api.w.org\/{rel}","templated":true}]}}