{"id":24989,"date":"2026-04-26T09:14:23","date_gmt":"2026-04-26T08:14:23","guid":{"rendered":"https:\/\/muenster.org\/altes-backhaus\/?p=24989"},"modified":"2026-04-26T09:17:31","modified_gmt":"2026-04-26T08:17:31","slug":"donnerstagsfruehstueck-am-7-mai-10-uhr-wir-freuen-uns-auf-christian-vechtel-bekannt-aus-bares-fuer-rares","status":"publish","type":"post","link":"https:\/\/muenster.org\/altes-backhaus\/donnerstagsfruehstueck-am-7-mai-10-uhr-wir-freuen-uns-auf-christian-vechtel-bekannt-aus-bares-fuer-rares","title":{"rendered":"Donnerstagsfr\u00fchst\u00fcck am 7. Mai, 10 Uhr: Wir freuen uns auf Christian Vechtel, bekannt aus \u201eBares f\u00fcr Rares\u201c."},"content":{"rendered":"\t\t<div data-elementor-type=\"wp-post\" data-elementor-id=\"24989\" class=\"elementor elementor-24989\">\n\t\t\t\t\t\t<section class=\"elementor-section elementor-top-section elementor-element elementor-element-f24e82a elementor-section-boxed elementor-section-height-default elementor-section-height-default\" data-id=\"f24e82a\" data-element_type=\"section\" data-e-type=\"section\">\n\t\t\t\t\t\t<div class=\"elementor-container elementor-column-gap-default\">\n\t\t\t\t\t<div class=\"elementor-column elementor-col-100 elementor-top-column elementor-element elementor-element-01830d1\" data-id=\"01830d1\" data-element_type=\"column\" data-e-type=\"column\">\n\t\t\t<div class=\"elementor-widget-wrap elementor-element-populated\">\n\t\t\t\t\t\t<div class=\"elementor-element elementor-element-26dce70 elementor-widget elementor-widget-text-editor\" data-id=\"26dce70\" data-element_type=\"widget\" data-e-type=\"widget\" data-widget_type=\"text-editor.default\">\n\t\t\t\t<div class=\"elementor-widget-container\">\n\t\t\t\t\t\t\t\t\t<p>Der Kunsthistoriker und Auktionator Christian Vechtel wird uns Spannendes \u00fcber seltene und kostbare Sch\u00e4tzchen erz\u00e4hlen. Vielleicht erfahren wir auch Interna von den Dreharbeiten der beliebten Fernsehsendung \u201eBares f\u00fcr Rares\u201c?<\/p><p>Christian Vechtel f\u00fchrt seit 2012 zusammen mit Christian Becker auf der Melchersstra\u00dfe im Kreuzviertel das Auktionshaus Zeitgenossen. Er veranstaltet hier Auktionen, ber\u00e4t, gibt Sch\u00e4tzungen ab oder erstellt Gutachten. Seit November 2018 tritt er als H\u00e4ndler in der ZDF-Sendung \u201eBares f\u00fcr Rares\u201c auf \u2013 und ist seitdem bundesweit bekannt.<\/p><p>Eine Anmeldung ist zwingend erforderlich, die Anzahl der Pl\u00e4tze ist begrenzt.<\/p>\t\t\t\t\t\t\t\t<\/div>\n\t\t\t\t<\/div>\n\t\t\t\t\t<\/div>\n\t\t<\/div>\n\t\t\t\t\t<\/div>\n\t\t<\/section>\n\t\t\t\t<section class=\"elementor-section elementor-top-section elementor-element elementor-element-288fabb elementor-section-boxed elementor-section-height-default elementor-section-height-default\" data-id=\"288fabb\" data-element_type=\"section\" data-e-type=\"section\">\n\t\t\t\t\t\t<div class=\"elementor-container elementor-column-gap-default\">\n\t\t\t\t\t<div class=\"elementor-column elementor-col-100 elementor-top-column elementor-element elementor-element-8dc2d8b\" data-id=\"8dc2d8b\" data-element_type=\"column\" data-e-type=\"column\">\n\t\t\t<div class=\"elementor-widget-wrap elementor-element-populated\">\n\t\t\t\t\t\t<div class=\"elementor-element elementor-element-ab05ae5 elementor-widget elementor-widget-image\" data-id=\"ab05ae5\" data-element_type=\"widget\" data-e-type=\"widget\" data-widget_type=\"image.default\">\n\t\t\t\t<div class=\"elementor-widget-container\">\n\t\t\t\t\t\t\t\t\t\t\t\t\t\t\t<img fetchpriority=\"high\" decoding=\"async\" width=\"300\" height=\"262\" src=\"https:\/\/muenster.org\/altes-backhaus\/wp-content\/uploads\/2026\/04\/Christian-Vechtel-300x262.png\" class=\"attachment-medium size-medium wp-image-24986\" alt=\"\" srcset=\"https:\/\/muenster.org\/altes-backhaus\/wp-content\/uploads\/2026\/04\/Christian-Vechtel-300x262.png 300w, https:\/\/muenster.org\/altes-backhaus\/wp-content\/uploads\/2026\/04\/Christian-Vechtel.png 408w\" sizes=\"(max-width: 300px) 100vw, 300px\" \/>\t\t\t\t\t\t\t\t\t\t\t\t\t\t\t<\/div>\n\t\t\t\t<\/div>\n\t\t\t\t\t<\/div>\n\t\t<\/div>\n\t\t\t\t\t<\/div>\n\t\t<\/section>\n\t\t\t\t<\/div>\n\t\t","protected":false},"excerpt":{"rendered":"<p>Der Kunsthistoriker und Auktionator Christian Vechtel wird uns Spannendes \u00fcber seltene und kostbare Sch\u00e4tzchen erz\u00e4hlen. Vielleicht erfahren wir auch Interna von den Dreharbeiten der beliebten Fernsehsendung \u201eBares f\u00fcr Rares\u201c? Christian Vechtel f\u00fchrt seit 2012 zusammen mit Christian Becker auf der Melchersstra\u00dfe im Kreuzviertel das Auktionshaus Zeitgenossen. Er veranstaltet hier Auktionen, ber\u00e4t, gibt Sch\u00e4tzungen ab oder&hellip;&nbsp;<\/p>\n<div class=\"read-more-wrapper\"><a href=\"https:\/\/muenster.org\/altes-backhaus\/donnerstagsfruehstueck-am-7-mai-10-uhr-wir-freuen-uns-auf-christian-vechtel-bekannt-aus-bares-fuer-rares\" class=\"button button-primary\" rel=\"bookmark\">Mehr lesen &raquo;<span class=\"screen-reader-text\">Donnerstagsfr\u00fchst\u00fcck am 7. Mai, 10 Uhr: Wir freuen uns auf Christian Vechtel, bekannt aus \u201eBares f\u00fcr Rares\u201c.<\/span><\/a><\/div>\n","protected":false},"author":50,"featured_media":24987,"comment_status":"closed","ping_status":"open","sticky":false,"template":"","format":"standard","meta":{"neve_meta_sidebar":"","neve_meta_container":"","neve_meta_enable_content_width":"off","neve_meta_content_width":70,"neve_meta_title_alignment":"","neve_meta_author_avatar":"","neve_post_elements_order":"","neve_meta_disable_header":"","neve_meta_disable_footer":"","neve_meta_disable_title":"","neve_meta_reading_time":"","_themeisle_gutenberg_block_has_review":false,"cybocfi_hide_featured_image":"","footnotes":""},"categories":[35],"tags":[],"class_list":["post-24989","post","type-post","status-publish","format-standard","has-post-thumbnail","hentry","category-angebote"],"yoast_head":"<!-- This site is optimized with the Yoast SEO plugin v27.4 - https:\/\/yoast.com\/product\/yoast-seo-wordpress\/ -->\n<title>Donnerstagsfr\u00fchst\u00fcck am 7. Mai, 10 Uhr: Wir freuen uns auf Christian Vechtel, bekannt aus \u201eBares f\u00fcr Rares\u201c. - Altes Backhaus<\/title>\n<meta name=\"robots\" content=\"index, follow, max-snippet:-1, max-image-preview:large, max-video-preview:-1\" \/>\n<link rel=\"canonical\" href=\"https:\/\/muenster.org\/altes-backhaus\/donnerstagsfruehstueck-am-7-mai-10-uhr-wir-freuen-uns-auf-christian-vechtel-bekannt-aus-bares-fuer-rares\" \/>\n<meta name=\"twitter:label1\" content=\"Verfasst von\" \/>\n\t<meta name=\"twitter:data1\" content=\"Ilona Z\u00fchlke\" \/>\n\t<meta name=\"twitter:label2\" content=\"Gesch\u00e4tzte Lesezeit\" \/>\n\t<meta name=\"twitter:data2\" content=\"1\u00a0Minute\" \/>\n<script type=\"application\/ld+json\" class=\"yoast-schema-graph\">{\"@context\":\"https:\\\/\\\/schema.org\",\"@graph\":[{\"@type\":\"Article\",\"@id\":\"https:\\\/\\\/muenster.org\\\/altes-backhaus\\\/donnerstagsfruehstueck-am-7-mai-10-uhr-wir-freuen-uns-auf-christian-vechtel-bekannt-aus-bares-fuer-rares#article\",\"isPartOf\":{\"@id\":\"https:\\\/\\\/muenster.org\\\/altes-backhaus\\\/donnerstagsfruehstueck-am-7-mai-10-uhr-wir-freuen-uns-auf-christian-vechtel-bekannt-aus-bares-fuer-rares\"},\"author\":{\"name\":\"Ilona Z\u00fchlke\",\"@id\":\"https:\\\/\\\/muenster.org\\\/altes-backhaus\\\/#\\\/schema\\\/person\\\/2f6483204a37970b25de577908748d27\"},\"headline\":\"Donnerstagsfr\u00fchst\u00fcck am 7. Mai, 10 Uhr: Wir freuen uns auf Christian Vechtel, bekannt aus \u201eBares f\u00fcr Rares\u201c.\",\"datePublished\":\"2026-04-26T08:14:23+00:00\",\"dateModified\":\"2026-04-26T08:17:31+00:00\",\"mainEntityOfPage\":{\"@id\":\"https:\\\/\\\/muenster.org\\\/altes-backhaus\\\/donnerstagsfruehstueck-am-7-mai-10-uhr-wir-freuen-uns-auf-christian-vechtel-bekannt-aus-bares-fuer-rares\"},\"wordCount\":113,\"publisher\":{\"@id\":\"https:\\\/\\\/muenster.org\\\/altes-backhaus\\\/#organization\"},\"image\":{\"@id\":\"https:\\\/\\\/muenster.org\\\/altes-backhaus\\\/donnerstagsfruehstueck-am-7-mai-10-uhr-wir-freuen-uns-auf-christian-vechtel-bekannt-aus-bares-fuer-rares#primaryimage\"},\"thumbnailUrl\":\"https:\\\/\\\/muenster.org\\\/altes-backhaus\\\/wp-content\\\/uploads\\\/2026\\\/04\\\/Titel-Zeitgenossen.jpg\",\"articleSection\":[\"Angebote\"],\"inLanguage\":\"de\"},{\"@type\":\"WebPage\",\"@id\":\"https:\\\/\\\/muenster.org\\\/altes-backhaus\\\/donnerstagsfruehstueck-am-7-mai-10-uhr-wir-freuen-uns-auf-christian-vechtel-bekannt-aus-bares-fuer-rares\",\"url\":\"https:\\\/\\\/muenster.org\\\/altes-backhaus\\\/donnerstagsfruehstueck-am-7-mai-10-uhr-wir-freuen-uns-auf-christian-vechtel-bekannt-aus-bares-fuer-rares\",\"name\":\"Donnerstagsfr\u00fchst\u00fcck am 7. Mai, 10 Uhr: Wir freuen uns auf Christian Vechtel, bekannt aus \u201eBares f\u00fcr Rares\u201c. - Altes Backhaus\",\"isPartOf\":{\"@id\":\"https:\\\/\\\/muenster.org\\\/altes-backhaus\\\/#website\"},\"primaryImageOfPage\":{\"@id\":\"https:\\\/\\\/muenster.org\\\/altes-backhaus\\\/donnerstagsfruehstueck-am-7-mai-10-uhr-wir-freuen-uns-auf-christian-vechtel-bekannt-aus-bares-fuer-rares#primaryimage\"},\"image\":{\"@id\":\"https:\\\/\\\/muenster.org\\\/altes-backhaus\\\/donnerstagsfruehstueck-am-7-mai-10-uhr-wir-freuen-uns-auf-christian-vechtel-bekannt-aus-bares-fuer-rares#primaryimage\"},\"thumbnailUrl\":\"https:\\\/\\\/muenster.org\\\/altes-backhaus\\\/wp-content\\\/uploads\\\/2026\\\/04\\\/Titel-Zeitgenossen.jpg\",\"datePublished\":\"2026-04-26T08:14:23+00:00\",\"dateModified\":\"2026-04-26T08:17:31+00:00\",\"breadcrumb\":{\"@id\":\"https:\\\/\\\/muenster.org\\\/altes-backhaus\\\/donnerstagsfruehstueck-am-7-mai-10-uhr-wir-freuen-uns-auf-christian-vechtel-bekannt-aus-bares-fuer-rares#breadcrumb\"},\"inLanguage\":\"de\",\"potentialAction\":[{\"@type\":\"ReadAction\",\"target\":[\"https:\\\/\\\/muenster.org\\\/altes-backhaus\\\/donnerstagsfruehstueck-am-7-mai-10-uhr-wir-freuen-uns-auf-christian-vechtel-bekannt-aus-bares-fuer-rares\"]}]},{\"@type\":\"ImageObject\",\"inLanguage\":\"de\",\"@id\":\"https:\\\/\\\/muenster.org\\\/altes-backhaus\\\/donnerstagsfruehstueck-am-7-mai-10-uhr-wir-freuen-uns-auf-christian-vechtel-bekannt-aus-bares-fuer-rares#primaryimage\",\"url\":\"https:\\\/\\\/muenster.org\\\/altes-backhaus\\\/wp-content\\\/uploads\\\/2026\\\/04\\\/Titel-Zeitgenossen.jpg\",\"contentUrl\":\"https:\\\/\\\/muenster.org\\\/altes-backhaus\\\/wp-content\\\/uploads\\\/2026\\\/04\\\/Titel-Zeitgenossen.jpg\",\"width\":919,\"height\":793},{\"@type\":\"BreadcrumbList\",\"@id\":\"https:\\\/\\\/muenster.org\\\/altes-backhaus\\\/donnerstagsfruehstueck-am-7-mai-10-uhr-wir-freuen-uns-auf-christian-vechtel-bekannt-aus-bares-fuer-rares#breadcrumb\",\"itemListElement\":[{\"@type\":\"ListItem\",\"position\":1,\"name\":\"Home\",\"item\":\"https:\\\/\\\/muenster.org\\\/altes-backhaus\\\/\"},{\"@type\":\"ListItem\",\"position\":2,\"name\":\"Donnerstagsfr\u00fchst\u00fcck am 7. Mai, 10 Uhr: Wir freuen uns auf Christian Vechtel, bekannt aus \u201eBares f\u00fcr Rares\u201c.\"}]},{\"@type\":\"WebSite\",\"@id\":\"https:\\\/\\\/muenster.org\\\/altes-backhaus\\\/#website\",\"url\":\"https:\\\/\\\/muenster.org\\\/altes-backhaus\\\/\",\"name\":\"Altes Backhaus\",\"description\":\"Die Begegnungs- und Bildungsst\u00e4tte im Kreuzviertel\",\"publisher\":{\"@id\":\"https:\\\/\\\/muenster.org\\\/altes-backhaus\\\/#organization\"},\"potentialAction\":[{\"@type\":\"SearchAction\",\"target\":{\"@type\":\"EntryPoint\",\"urlTemplate\":\"https:\\\/\\\/muenster.org\\\/altes-backhaus\\\/?s={search_term_string}\"},\"query-input\":{\"@type\":\"PropertyValueSpecification\",\"valueRequired\":true,\"valueName\":\"search_term_string\"}}],\"inLanguage\":\"de\"},{\"@type\":\"Organization\",\"@id\":\"https:\\\/\\\/muenster.org\\\/altes-backhaus\\\/#organization\",\"name\":\"Altes Backhaus\",\"url\":\"https:\\\/\\\/muenster.org\\\/altes-backhaus\\\/\",\"logo\":{\"@type\":\"ImageObject\",\"inLanguage\":\"de\",\"@id\":\"https:\\\/\\\/muenster.org\\\/altes-backhaus\\\/#\\\/schema\\\/logo\\\/image\\\/\",\"url\":\"https:\\\/\\\/muenster.org\\\/altes-backhaus\\\/wp-content\\\/uploads\\\/2020\\\/05\\\/cropped-logo.jpg\",\"contentUrl\":\"https:\\\/\\\/muenster.org\\\/altes-backhaus\\\/wp-content\\\/uploads\\\/2020\\\/05\\\/cropped-logo.jpg\",\"width\":287,\"height\":95,\"caption\":\"Altes Backhaus\"},\"image\":{\"@id\":\"https:\\\/\\\/muenster.org\\\/altes-backhaus\\\/#\\\/schema\\\/logo\\\/image\\\/\"}},{\"@type\":\"Person\",\"@id\":\"https:\\\/\\\/muenster.org\\\/altes-backhaus\\\/#\\\/schema\\\/person\\\/2f6483204a37970b25de577908748d27\",\"name\":\"Ilona Z\u00fchlke\",\"url\":\"https:\\\/\\\/muenster.org\\\/altes-backhaus\\\/author\\\/ilona\"}]}<\/script>\n<!-- \/ Yoast SEO plugin. -->","yoast_head_json":{"title":"Donnerstagsfr\u00fchst\u00fcck am 7. Mai, 10 Uhr: Wir freuen uns auf Christian Vechtel, bekannt aus \u201eBares f\u00fcr Rares\u201c. - Altes Backhaus","robots":{"index":"index","follow":"follow","max-snippet":"max-snippet:-1","max-image-preview":"max-image-preview:large","max-video-preview":"max-video-preview:-1"},"canonical":"https:\/\/muenster.org\/altes-backhaus\/donnerstagsfruehstueck-am-7-mai-10-uhr-wir-freuen-uns-auf-christian-vechtel-bekannt-aus-bares-fuer-rares","twitter_misc":{"Verfasst von":"Ilona Z\u00fchlke","Gesch\u00e4tzte Lesezeit":"1\u00a0Minute"},"schema":{"@context":"https:\/\/schema.org","@graph":[{"@type":"Article","@id":"https:\/\/muenster.org\/altes-backhaus\/donnerstagsfruehstueck-am-7-mai-10-uhr-wir-freuen-uns-auf-christian-vechtel-bekannt-aus-bares-fuer-rares#article","isPartOf":{"@id":"https:\/\/muenster.org\/altes-backhaus\/donnerstagsfruehstueck-am-7-mai-10-uhr-wir-freuen-uns-auf-christian-vechtel-bekannt-aus-bares-fuer-rares"},"author":{"name":"Ilona Z\u00fchlke","@id":"https:\/\/muenster.org\/altes-backhaus\/#\/schema\/person\/2f6483204a37970b25de577908748d27"},"headline":"Donnerstagsfr\u00fchst\u00fcck am 7. Mai, 10 Uhr: Wir freuen uns auf Christian Vechtel, bekannt aus \u201eBares f\u00fcr Rares\u201c.","datePublished":"2026-04-26T08:14:23+00:00","dateModified":"2026-04-26T08:17:31+00:00","mainEntityOfPage":{"@id":"https:\/\/muenster.org\/altes-backhaus\/donnerstagsfruehstueck-am-7-mai-10-uhr-wir-freuen-uns-auf-christian-vechtel-bekannt-aus-bares-fuer-rares"},"wordCount":113,"publisher":{"@id":"https:\/\/muenster.org\/altes-backhaus\/#organization"},"image":{"@id":"https:\/\/muenster.org\/altes-backhaus\/donnerstagsfruehstueck-am-7-mai-10-uhr-wir-freuen-uns-auf-christian-vechtel-bekannt-aus-bares-fuer-rares#primaryimage"},"thumbnailUrl":"https:\/\/muenster.org\/altes-backhaus\/wp-content\/uploads\/2026\/04\/Titel-Zeitgenossen.jpg","articleSection":["Angebote"],"inLanguage":"de"},{"@type":"WebPage","@id":"https:\/\/muenster.org\/altes-backhaus\/donnerstagsfruehstueck-am-7-mai-10-uhr-wir-freuen-uns-auf-christian-vechtel-bekannt-aus-bares-fuer-rares","url":"https:\/\/muenster.org\/altes-backhaus\/donnerstagsfruehstueck-am-7-mai-10-uhr-wir-freuen-uns-auf-christian-vechtel-bekannt-aus-bares-fuer-rares","name":"Donnerstagsfr\u00fchst\u00fcck am 7. Mai, 10 Uhr: Wir freuen uns auf Christian Vechtel, bekannt aus \u201eBares f\u00fcr Rares\u201c. - Altes Backhaus","isPartOf":{"@id":"https:\/\/muenster.org\/altes-backhaus\/#website"},"primaryImageOfPage":{"@id":"https:\/\/muenster.org\/altes-backhaus\/donnerstagsfruehstueck-am-7-mai-10-uhr-wir-freuen-uns-auf-christian-vechtel-bekannt-aus-bares-fuer-rares#primaryimage"},"image":{"@id":"https:\/\/muenster.org\/altes-backhaus\/donnerstagsfruehstueck-am-7-mai-10-uhr-wir-freuen-uns-auf-christian-vechtel-bekannt-aus-bares-fuer-rares#primaryimage"},"thumbnailUrl":"https:\/\/muenster.org\/altes-backhaus\/wp-content\/uploads\/2026\/04\/Titel-Zeitgenossen.jpg","datePublished":"2026-04-26T08:14:23+00:00","dateModified":"2026-04-26T08:17:31+00:00","breadcrumb":{"@id":"https:\/\/muenster.org\/altes-backhaus\/donnerstagsfruehstueck-am-7-mai-10-uhr-wir-freuen-uns-auf-christian-vechtel-bekannt-aus-bares-fuer-rares#breadcrumb"},"inLanguage":"de","potentialAction":[{"@type":"ReadAction","target":["https:\/\/muenster.org\/altes-backhaus\/donnerstagsfruehstueck-am-7-mai-10-uhr-wir-freuen-uns-auf-christian-vechtel-bekannt-aus-bares-fuer-rares"]}]},{"@type":"ImageObject","inLanguage":"de","@id":"https:\/\/muenster.org\/altes-backhaus\/donnerstagsfruehstueck-am-7-mai-10-uhr-wir-freuen-uns-auf-christian-vechtel-bekannt-aus-bares-fuer-rares#primaryimage","url":"https:\/\/muenster.org\/altes-backhaus\/wp-content\/uploads\/2026\/04\/Titel-Zeitgenossen.jpg","contentUrl":"https:\/\/muenster.org\/altes-backhaus\/wp-content\/uploads\/2026\/04\/Titel-Zeitgenossen.jpg","width":919,"height":793},{"@type":"BreadcrumbList","@id":"https:\/\/muenster.org\/altes-backhaus\/donnerstagsfruehstueck-am-7-mai-10-uhr-wir-freuen-uns-auf-christian-vechtel-bekannt-aus-bares-fuer-rares#breadcrumb","itemListElement":[{"@type":"ListItem","position":1,"name":"Home","item":"https:\/\/muenster.org\/altes-backhaus\/"},{"@type":"ListItem","position":2,"name":"Donnerstagsfr\u00fchst\u00fcck am 7. Mai, 10 Uhr: Wir freuen uns auf Christian Vechtel, bekannt aus \u201eBares f\u00fcr Rares\u201c."}]},{"@type":"WebSite","@id":"https:\/\/muenster.org\/altes-backhaus\/#website","url":"https:\/\/muenster.org\/altes-backhaus\/","name":"Altes Backhaus","description":"Die Begegnungs- und Bildungsst\u00e4tte im Kreuzviertel","publisher":{"@id":"https:\/\/muenster.org\/altes-backhaus\/#organization"},"potentialAction":[{"@type":"SearchAction","target":{"@type":"EntryPoint","urlTemplate":"https:\/\/muenster.org\/altes-backhaus\/?s={search_term_string}"},"query-input":{"@type":"PropertyValueSpecification","valueRequired":true,"valueName":"search_term_string"}}],"inLanguage":"de"},{"@type":"Organization","@id":"https:\/\/muenster.org\/altes-backhaus\/#organization","name":"Altes Backhaus","url":"https:\/\/muenster.org\/altes-backhaus\/","logo":{"@type":"ImageObject","inLanguage":"de","@id":"https:\/\/muenster.org\/altes-backhaus\/#\/schema\/logo\/image\/","url":"https:\/\/muenster.org\/altes-backhaus\/wp-content\/uploads\/2020\/05\/cropped-logo.jpg","contentUrl":"https:\/\/muenster.org\/altes-backhaus\/wp-content\/uploads\/2020\/05\/cropped-logo.jpg","width":287,"height":95,"caption":"Altes Backhaus"},"image":{"@id":"https:\/\/muenster.org\/altes-backhaus\/#\/schema\/logo\/image\/"}},{"@type":"Person","@id":"https:\/\/muenster.org\/altes-backhaus\/#\/schema\/person\/2f6483204a37970b25de577908748d27","name":"Ilona Z\u00fchlke","url":"https:\/\/muenster.org\/altes-backhaus\/author\/ilona"}]}},"amp_enabled":true,"rttpg_featured_image_url":{"full":["https:\/\/muenster.org\/altes-backhaus\/wp-content\/uploads\/2026\/04\/Titel-Zeitgenossen.jpg",919,793,false],"landscape":["https:\/\/muenster.org\/altes-backhaus\/wp-content\/uploads\/2026\/04\/Titel-Zeitgenossen.jpg",919,793,false],"portraits":["https:\/\/muenster.org\/altes-backhaus\/wp-content\/uploads\/2026\/04\/Titel-Zeitgenossen.jpg",919,793,false],"thumbnail":["https:\/\/muenster.org\/altes-backhaus\/wp-content\/uploads\/2026\/04\/Titel-Zeitgenossen-150x150.jpg",150,150,true],"medium":["https:\/\/muenster.org\/altes-backhaus\/wp-content\/uploads\/2026\/04\/Titel-Zeitgenossen-300x259.jpg",300,259,true],"large":["https:\/\/muenster.org\/altes-backhaus\/wp-content\/uploads\/2026\/04\/Titel-Zeitgenossen.jpg",919,793,false],"1536x1536":["https:\/\/muenster.org\/altes-backhaus\/wp-content\/uploads\/2026\/04\/Titel-Zeitgenossen.jpg",919,793,false],"2048x2048":["https:\/\/muenster.org\/altes-backhaus\/wp-content\/uploads\/2026\/04\/Titel-Zeitgenossen.jpg",919,793,false],"neve-blog":["https:\/\/muenster.org\/altes-backhaus\/wp-content\/uploads\/2026\/04\/Titel-Zeitgenossen-919x620.jpg",919,620,true]},"rttpg_author":{"display_name":"Ilona Z\u00fchlke","author_link":"https:\/\/muenster.org\/altes-backhaus\/author\/ilona"},"rttpg_comment":0,"rttpg_category":"<a href=\"https:\/\/muenster.org\/altes-backhaus\/Sprachen\/angebote\" rel=\"category tag\">Angebote<\/a>","rttpg_excerpt":"Der Kunsthistoriker und Auktionator Christian Vechtel wird uns Spannendes \u00fcber seltene und kostbare Sch\u00e4tzchen erz\u00e4hlen. Vielleicht erfahren wir auch Interna von den Dreharbeiten der beliebten Fernsehsendung \u201eBares f\u00fcr Rares\u201c? Christian Vechtel f\u00fchrt seit 2012 zusammen mit Christian Becker auf der Melchersstra\u00dfe im Kreuzviertel das Auktionshaus Zeitgenossen. Er veranstaltet hier Auktionen, ber\u00e4t, gibt Sch\u00e4tzungen ab oder&hellip;&nbsp;Mehr&hellip;","_links":{"self":[{"href":"https:\/\/muenster.org\/altes-backhaus\/wp-json\/wp\/v2\/posts\/24989","targetHints":{"allow":["GET"]}}],"collection":[{"href":"https:\/\/muenster.org\/altes-backhaus\/wp-json\/wp\/v2\/posts"}],"about":[{"href":"https:\/\/muenster.org\/altes-backhaus\/wp-json\/wp\/v2\/types\/post"}],"author":[{"embeddable":true,"href":"https:\/\/muenster.org\/altes-backhaus\/wp-json\/wp\/v2\/users\/50"}],"replies":[{"embeddable":true,"href":"https:\/\/muenster.org\/altes-backhaus\/wp-json\/wp\/v2\/comments?post=24989"}],"version-history":[{"count":4,"href":"https:\/\/muenster.org\/altes-backhaus\/wp-json\/wp\/v2\/posts\/24989\/revisions"}],"predecessor-version":[{"id":24993,"href":"https:\/\/muenster.org\/altes-backhaus\/wp-json\/wp\/v2\/posts\/24989\/revisions\/24993"}],"wp:featuredmedia":[{"embeddable":true,"href":"https:\/\/muenster.org\/altes-backhaus\/wp-json\/wp\/v2\/media\/24987"}],"wp:attachment":[{"href":"https:\/\/muenster.org\/altes-backhaus\/wp-json\/wp\/v2\/media?parent=24989"}],"wp:term":[{"taxonomy":"category","embeddable":true,"href":"https:\/\/muenster.org\/altes-backhaus\/wp-json\/wp\/v2\/categories?post=24989"},{"taxonomy":"post_tag","embeddable":true,"href":"https:\/\/muenster.org\/altes-backhaus\/wp-json\/wp\/v2\/tags?post=24989"}],"curies":[{"name":"wp","href":"https:\/\/api.w.org\/{rel}","templated":true}]}}