{"id":8352,"date":"2016-03-17T23:55:41","date_gmt":"2016-03-17T21:55:41","guid":{"rendered":"http:\/\/muenster.org\/altes-backhaus\/?p=8352"},"modified":"2020-11-15T23:31:21","modified_gmt":"2020-11-15T21:31:21","slug":"jahreshauptversammlung-2017","status":"publish","type":"post","link":"https:\/\/muenster.org\/altes-backhaus\/jahreshauptversammlung-2017","title":{"rendered":"Jahreshauptversammlung 2016"},"content":{"rendered":"<h1>Der Vorstand im Alten Backhaus<\/h1>\n<p>Auf der Jahresversammlung im <strong>Alten Backhaus e.V.<\/strong> fanden am 16. M\u00e4rz 2016 Vorstandsneuwahlen statt. Das Amt des Vorstandsvorsitzenden war laut Satzung neu zu besetzen. Nach drei Amtsperioden (entsprechend neun Jahren) konnte Hans Kurth nicht mehr kandidieren. Auch andere Vorstandspositionen wurden neu besetzt beziehungsweise ge\u00e4ndert.<\/p>\n<p><a href=\"https:\/\/muenster.org\/altes-backhaus\/wp-content\/uploads\/2012\/10\/Vorstand4-e1477587251952.jpg\"><img fetchpriority=\"high\" decoding=\"async\" class=\"alignnone size-full wp-image-4644\" src=\"https:\/\/muenster.org\/altes-backhaus\/wp-content\/uploads\/2012\/10\/Vorstand4-e1477587251952.jpg\" alt=\"Vorstand4\" width=\"860\" height=\"532\" \/><\/a><\/p>\n<p>Altes Backhaus mit neuem Vorstand (v.l.): Johannes Neise, Christel Brink, Wolfgang Wagner, Maitrayee Stadtler, Brita Kurth, Brigitte Seckler und Isa Dombrowski.<\/p>\n<p>Der neue Vorstand setzt sich wie folgt zusammen: Brita Kurth (1. Vorsitzende und Gesch\u00e4ftsf\u00fchrerin, \u00d6ffentlichkeitsarbeit, erste Ansprechpartnerin), Wolfgang Wagner (2. Vorsitzender, Computerangelegenheiten, Medienkontakte), Johannes Neise (Schatzmeister), Isa Dombrowski (Schriftf\u00fchrerin, Protokolle, Aush\u00e4nge). Beisitzerinnen sind Christel Brink (zust\u00e4ndig f\u00fcr Haus, Cafeteria, Telefondienst), Brigitte Seckler (B\u00fcro, Vermietungen, E-Mails, Schl\u00fcssel) und Maitrayee Stadtler (Projekt-Organisation). Brigitte Euler und Karin Reismann k\u00fcmmern sich um die\u00a0 Kassenpr\u00fcfung.<\/p>\n","protected":false},"excerpt":{"rendered":"<p>Der Vorstand im Alten Backhaus Auf der Jahresversammlung im Alten Backhaus e.V. fanden am 16. M\u00e4rz 2016 Vorstandsneuwahlen statt. Das Amt des Vorstandsvorsitzenden war laut Satzung neu zu besetzen. Nach drei Amtsperioden (entsprechend neun Jahren) konnte Hans Kurth nicht mehr kandidieren. Auch andere Vorstandspositionen wurden neu besetzt beziehungsweise ge\u00e4ndert. Altes Backhaus mit neuem Vorstand (v.l.):&hellip;&nbsp;<\/p>\n<div class=\"read-more-wrapper\"><a href=\"https:\/\/muenster.org\/altes-backhaus\/jahreshauptversammlung-2017\" class=\"button button-primary\" rel=\"bookmark\">Mehr lesen &raquo;<span class=\"screen-reader-text\">Jahreshauptversammlung 2016<\/span><\/a><\/div>\n","protected":false},"author":47,"featured_media":8368,"comment_status":"closed","ping_status":"open","sticky":false,"template":"","format":"standard","meta":{"neve_meta_sidebar":"","neve_meta_container":"","neve_meta_enable_content_width":"off","neve_meta_content_width":0,"neve_meta_title_alignment":"","neve_meta_author_avatar":"","neve_post_elements_order":"","neve_meta_disable_header":"","neve_meta_disable_footer":"","neve_meta_disable_title":"","neve_meta_reading_time":"","_themeisle_gutenberg_block_has_review":false,"cybocfi_hide_featured_image":"","footnotes":""},"categories":[137,24],"tags":[],"class_list":["post-8352","post","type-post","status-publish","format-standard","has-post-thumbnail","hentry","category-archiv","category-rund-ums-backhaus"],"yoast_head":"<!-- This site is optimized with the Yoast SEO plugin v27.5 - https:\/\/yoast.com\/product\/yoast-seo-wordpress\/ -->\n<title>Jahreshauptversammlung 2016 - Altes Backhaus<\/title>\n<meta name=\"robots\" content=\"index, follow, max-snippet:-1, max-image-preview:large, max-video-preview:-1\" \/>\n<link rel=\"canonical\" href=\"https:\/\/muenster.org\/altes-backhaus\/jahreshauptversammlung-2017\" \/>\n<meta name=\"twitter:label1\" content=\"Verfasst von\" \/>\n\t<meta name=\"twitter:data1\" content=\"Hans Kurth\" \/>\n\t<meta name=\"twitter:label2\" content=\"Gesch\u00e4tzte Lesezeit\" \/>\n\t<meta name=\"twitter:data2\" content=\"1\u00a0Minute\" \/>\n<script type=\"application\/ld+json\" class=\"yoast-schema-graph\">{\"@context\":\"https:\\\/\\\/schema.org\",\"@graph\":[{\"@type\":\"Article\",\"@id\":\"https:\\\/\\\/muenster.org\\\/altes-backhaus\\\/jahreshauptversammlung-2017#article\",\"isPartOf\":{\"@id\":\"https:\\\/\\\/muenster.org\\\/altes-backhaus\\\/jahreshauptversammlung-2017\"},\"author\":{\"name\":\"Hans Kurth\",\"@id\":\"https:\\\/\\\/muenster.org\\\/altes-backhaus\\\/#\\\/schema\\\/person\\\/ade0115e4d149890edd0033b4c2d2b8f\"},\"headline\":\"Jahreshauptversammlung 2016\",\"datePublished\":\"2016-03-17T21:55:41+00:00\",\"dateModified\":\"2020-11-15T21:31:21+00:00\",\"mainEntityOfPage\":{\"@id\":\"https:\\\/\\\/muenster.org\\\/altes-backhaus\\\/jahreshauptversammlung-2017\"},\"wordCount\":141,\"publisher\":{\"@id\":\"https:\\\/\\\/muenster.org\\\/altes-backhaus\\\/#organization\"},\"image\":{\"@id\":\"https:\\\/\\\/muenster.org\\\/altes-backhaus\\\/jahreshauptversammlung-2017#primaryimage\"},\"thumbnailUrl\":\"https:\\\/\\\/muenster.org\\\/altes-backhaus\\\/wp-content\\\/uploads\\\/2020\\\/05\\\/Vorstand4-e1477587251952.jpg\",\"articleSection\":[\"Archiv\",\"Rund ums Backhaus\"],\"inLanguage\":\"de\"},{\"@type\":\"WebPage\",\"@id\":\"https:\\\/\\\/muenster.org\\\/altes-backhaus\\\/jahreshauptversammlung-2017\",\"url\":\"https:\\\/\\\/muenster.org\\\/altes-backhaus\\\/jahreshauptversammlung-2017\",\"name\":\"Jahreshauptversammlung 2016 - Altes Backhaus\",\"isPartOf\":{\"@id\":\"https:\\\/\\\/muenster.org\\\/altes-backhaus\\\/#website\"},\"primaryImageOfPage\":{\"@id\":\"https:\\\/\\\/muenster.org\\\/altes-backhaus\\\/jahreshauptversammlung-2017#primaryimage\"},\"image\":{\"@id\":\"https:\\\/\\\/muenster.org\\\/altes-backhaus\\\/jahreshauptversammlung-2017#primaryimage\"},\"thumbnailUrl\":\"https:\\\/\\\/muenster.org\\\/altes-backhaus\\\/wp-content\\\/uploads\\\/2020\\\/05\\\/Vorstand4-e1477587251952.jpg\",\"datePublished\":\"2016-03-17T21:55:41+00:00\",\"dateModified\":\"2020-11-15T21:31:21+00:00\",\"breadcrumb\":{\"@id\":\"https:\\\/\\\/muenster.org\\\/altes-backhaus\\\/jahreshauptversammlung-2017#breadcrumb\"},\"inLanguage\":\"de\",\"potentialAction\":[{\"@type\":\"ReadAction\",\"target\":[\"https:\\\/\\\/muenster.org\\\/altes-backhaus\\\/jahreshauptversammlung-2017\"]}]},{\"@type\":\"ImageObject\",\"inLanguage\":\"de\",\"@id\":\"https:\\\/\\\/muenster.org\\\/altes-backhaus\\\/jahreshauptversammlung-2017#primaryimage\",\"url\":\"https:\\\/\\\/muenster.org\\\/altes-backhaus\\\/wp-content\\\/uploads\\\/2020\\\/05\\\/Vorstand4-e1477587251952.jpg\",\"contentUrl\":\"https:\\\/\\\/muenster.org\\\/altes-backhaus\\\/wp-content\\\/uploads\\\/2020\\\/05\\\/Vorstand4-e1477587251952.jpg\",\"width\":860,\"height\":532},{\"@type\":\"BreadcrumbList\",\"@id\":\"https:\\\/\\\/muenster.org\\\/altes-backhaus\\\/jahreshauptversammlung-2017#breadcrumb\",\"itemListElement\":[{\"@type\":\"ListItem\",\"position\":1,\"name\":\"Home\",\"item\":\"https:\\\/\\\/muenster.org\\\/altes-backhaus\\\/\"},{\"@type\":\"ListItem\",\"position\":2,\"name\":\"Jahreshauptversammlung 2016\"}]},{\"@type\":\"WebSite\",\"@id\":\"https:\\\/\\\/muenster.org\\\/altes-backhaus\\\/#website\",\"url\":\"https:\\\/\\\/muenster.org\\\/altes-backhaus\\\/\",\"name\":\"Altes Backhaus\",\"description\":\"Die Begegnungs- und Bildungsst\u00e4tte im Kreuzviertel\",\"publisher\":{\"@id\":\"https:\\\/\\\/muenster.org\\\/altes-backhaus\\\/#organization\"},\"potentialAction\":[{\"@type\":\"SearchAction\",\"target\":{\"@type\":\"EntryPoint\",\"urlTemplate\":\"https:\\\/\\\/muenster.org\\\/altes-backhaus\\\/?s={search_term_string}\"},\"query-input\":{\"@type\":\"PropertyValueSpecification\",\"valueRequired\":true,\"valueName\":\"search_term_string\"}}],\"inLanguage\":\"de\"},{\"@type\":\"Organization\",\"@id\":\"https:\\\/\\\/muenster.org\\\/altes-backhaus\\\/#organization\",\"name\":\"Altes Backhaus\",\"url\":\"https:\\\/\\\/muenster.org\\\/altes-backhaus\\\/\",\"logo\":{\"@type\":\"ImageObject\",\"inLanguage\":\"de\",\"@id\":\"https:\\\/\\\/muenster.org\\\/altes-backhaus\\\/#\\\/schema\\\/logo\\\/image\\\/\",\"url\":\"https:\\\/\\\/muenster.org\\\/altes-backhaus\\\/wp-content\\\/uploads\\\/2020\\\/05\\\/cropped-logo.jpg\",\"contentUrl\":\"https:\\\/\\\/muenster.org\\\/altes-backhaus\\\/wp-content\\\/uploads\\\/2020\\\/05\\\/cropped-logo.jpg\",\"width\":287,\"height\":95,\"caption\":\"Altes Backhaus\"},\"image\":{\"@id\":\"https:\\\/\\\/muenster.org\\\/altes-backhaus\\\/#\\\/schema\\\/logo\\\/image\\\/\"}},{\"@type\":\"Person\",\"@id\":\"https:\\\/\\\/muenster.org\\\/altes-backhaus\\\/#\\\/schema\\\/person\\\/ade0115e4d149890edd0033b4c2d2b8f\",\"name\":\"Hans Kurth\",\"sameAs\":[\"http:\\\/\\\/www.begegnung-backhaus.de\"],\"url\":\"https:\\\/\\\/muenster.org\\\/altes-backhaus\\\/author\\\/hans-kurth\"}]}<\/script>\n<!-- \/ Yoast SEO plugin. -->","yoast_head_json":{"title":"Jahreshauptversammlung 2016 - Altes Backhaus","robots":{"index":"index","follow":"follow","max-snippet":"max-snippet:-1","max-image-preview":"max-image-preview:large","max-video-preview":"max-video-preview:-1"},"canonical":"https:\/\/muenster.org\/altes-backhaus\/jahreshauptversammlung-2017","twitter_misc":{"Verfasst von":"Hans Kurth","Gesch\u00e4tzte Lesezeit":"1\u00a0Minute"},"schema":{"@context":"https:\/\/schema.org","@graph":[{"@type":"Article","@id":"https:\/\/muenster.org\/altes-backhaus\/jahreshauptversammlung-2017#article","isPartOf":{"@id":"https:\/\/muenster.org\/altes-backhaus\/jahreshauptversammlung-2017"},"author":{"name":"Hans Kurth","@id":"https:\/\/muenster.org\/altes-backhaus\/#\/schema\/person\/ade0115e4d149890edd0033b4c2d2b8f"},"headline":"Jahreshauptversammlung 2016","datePublished":"2016-03-17T21:55:41+00:00","dateModified":"2020-11-15T21:31:21+00:00","mainEntityOfPage":{"@id":"https:\/\/muenster.org\/altes-backhaus\/jahreshauptversammlung-2017"},"wordCount":141,"publisher":{"@id":"https:\/\/muenster.org\/altes-backhaus\/#organization"},"image":{"@id":"https:\/\/muenster.org\/altes-backhaus\/jahreshauptversammlung-2017#primaryimage"},"thumbnailUrl":"https:\/\/muenster.org\/altes-backhaus\/wp-content\/uploads\/2020\/05\/Vorstand4-e1477587251952.jpg","articleSection":["Archiv","Rund ums Backhaus"],"inLanguage":"de"},{"@type":"WebPage","@id":"https:\/\/muenster.org\/altes-backhaus\/jahreshauptversammlung-2017","url":"https:\/\/muenster.org\/altes-backhaus\/jahreshauptversammlung-2017","name":"Jahreshauptversammlung 2016 - Altes Backhaus","isPartOf":{"@id":"https:\/\/muenster.org\/altes-backhaus\/#website"},"primaryImageOfPage":{"@id":"https:\/\/muenster.org\/altes-backhaus\/jahreshauptversammlung-2017#primaryimage"},"image":{"@id":"https:\/\/muenster.org\/altes-backhaus\/jahreshauptversammlung-2017#primaryimage"},"thumbnailUrl":"https:\/\/muenster.org\/altes-backhaus\/wp-content\/uploads\/2020\/05\/Vorstand4-e1477587251952.jpg","datePublished":"2016-03-17T21:55:41+00:00","dateModified":"2020-11-15T21:31:21+00:00","breadcrumb":{"@id":"https:\/\/muenster.org\/altes-backhaus\/jahreshauptversammlung-2017#breadcrumb"},"inLanguage":"de","potentialAction":[{"@type":"ReadAction","target":["https:\/\/muenster.org\/altes-backhaus\/jahreshauptversammlung-2017"]}]},{"@type":"ImageObject","inLanguage":"de","@id":"https:\/\/muenster.org\/altes-backhaus\/jahreshauptversammlung-2017#primaryimage","url":"https:\/\/muenster.org\/altes-backhaus\/wp-content\/uploads\/2020\/05\/Vorstand4-e1477587251952.jpg","contentUrl":"https:\/\/muenster.org\/altes-backhaus\/wp-content\/uploads\/2020\/05\/Vorstand4-e1477587251952.jpg","width":860,"height":532},{"@type":"BreadcrumbList","@id":"https:\/\/muenster.org\/altes-backhaus\/jahreshauptversammlung-2017#breadcrumb","itemListElement":[{"@type":"ListItem","position":1,"name":"Home","item":"https:\/\/muenster.org\/altes-backhaus\/"},{"@type":"ListItem","position":2,"name":"Jahreshauptversammlung 2016"}]},{"@type":"WebSite","@id":"https:\/\/muenster.org\/altes-backhaus\/#website","url":"https:\/\/muenster.org\/altes-backhaus\/","name":"Altes Backhaus","description":"Die Begegnungs- und Bildungsst\u00e4tte im Kreuzviertel","publisher":{"@id":"https:\/\/muenster.org\/altes-backhaus\/#organization"},"potentialAction":[{"@type":"SearchAction","target":{"@type":"EntryPoint","urlTemplate":"https:\/\/muenster.org\/altes-backhaus\/?s={search_term_string}"},"query-input":{"@type":"PropertyValueSpecification","valueRequired":true,"valueName":"search_term_string"}}],"inLanguage":"de"},{"@type":"Organization","@id":"https:\/\/muenster.org\/altes-backhaus\/#organization","name":"Altes Backhaus","url":"https:\/\/muenster.org\/altes-backhaus\/","logo":{"@type":"ImageObject","inLanguage":"de","@id":"https:\/\/muenster.org\/altes-backhaus\/#\/schema\/logo\/image\/","url":"https:\/\/muenster.org\/altes-backhaus\/wp-content\/uploads\/2020\/05\/cropped-logo.jpg","contentUrl":"https:\/\/muenster.org\/altes-backhaus\/wp-content\/uploads\/2020\/05\/cropped-logo.jpg","width":287,"height":95,"caption":"Altes Backhaus"},"image":{"@id":"https:\/\/muenster.org\/altes-backhaus\/#\/schema\/logo\/image\/"}},{"@type":"Person","@id":"https:\/\/muenster.org\/altes-backhaus\/#\/schema\/person\/ade0115e4d149890edd0033b4c2d2b8f","name":"Hans Kurth","sameAs":["http:\/\/www.begegnung-backhaus.de"],"url":"https:\/\/muenster.org\/altes-backhaus\/author\/hans-kurth"}]}},"amp_enabled":true,"rttpg_featured_image_url":{"full":["https:\/\/muenster.org\/altes-backhaus\/wp-content\/uploads\/2020\/05\/Vorstand4-e1477587251952.jpg",860,532,false],"landscape":["https:\/\/muenster.org\/altes-backhaus\/wp-content\/uploads\/2020\/05\/Vorstand4-e1477587251952.jpg",860,532,false],"portraits":["https:\/\/muenster.org\/altes-backhaus\/wp-content\/uploads\/2020\/05\/Vorstand4-e1477587251952.jpg",860,532,false],"thumbnail":["https:\/\/muenster.org\/altes-backhaus\/wp-content\/uploads\/2020\/05\/Vorstand4-e1477587251952-150x150.jpg",150,150,true],"medium":["https:\/\/muenster.org\/altes-backhaus\/wp-content\/uploads\/2020\/05\/Vorstand4-e1477587251952-300x186.jpg",300,186,true],"large":["https:\/\/muenster.org\/altes-backhaus\/wp-content\/uploads\/2020\/05\/Vorstand4-e1477587251952.jpg",860,532,false],"1536x1536":["https:\/\/muenster.org\/altes-backhaus\/wp-content\/uploads\/2020\/05\/Vorstand4-e1477587251952.jpg",860,532,false],"2048x2048":["https:\/\/muenster.org\/altes-backhaus\/wp-content\/uploads\/2020\/05\/Vorstand4-e1477587251952.jpg",860,532,false],"neve-blog":["https:\/\/muenster.org\/altes-backhaus\/wp-content\/uploads\/2020\/05\/Vorstand4-e1477587251952.jpg",860,532,false]},"rttpg_author":{"display_name":"Hans Kurth","author_link":"https:\/\/muenster.org\/altes-backhaus\/author\/hans-kurth"},"rttpg_comment":0,"rttpg_category":"<a href=\"https:\/\/muenster.org\/altes-backhaus\/Sprachen\/archiv\" rel=\"category tag\">Archiv<\/a> <a href=\"https:\/\/muenster.org\/altes-backhaus\/Sprachen\/rund-ums-backhaus\" rel=\"category tag\">Rund ums Backhaus<\/a>","rttpg_excerpt":"Der Vorstand im Alten Backhaus Auf der Jahresversammlung im Alten Backhaus e.V. fanden am 16. M\u00e4rz 2016 Vorstandsneuwahlen statt. Das Amt des Vorstandsvorsitzenden war laut Satzung neu zu besetzen. Nach drei Amtsperioden (entsprechend neun Jahren) konnte Hans Kurth nicht mehr kandidieren. Auch andere Vorstandspositionen wurden neu besetzt beziehungsweise ge\u00e4ndert. Altes Backhaus mit neuem Vorstand (v.l.):&hellip;&nbsp;Mehr&hellip;","_links":{"self":[{"href":"https:\/\/muenster.org\/altes-backhaus\/wp-json\/wp\/v2\/posts\/8352","targetHints":{"allow":["GET"]}}],"collection":[{"href":"https:\/\/muenster.org\/altes-backhaus\/wp-json\/wp\/v2\/posts"}],"about":[{"href":"https:\/\/muenster.org\/altes-backhaus\/wp-json\/wp\/v2\/types\/post"}],"author":[{"embeddable":true,"href":"https:\/\/muenster.org\/altes-backhaus\/wp-json\/wp\/v2\/users\/47"}],"replies":[{"embeddable":true,"href":"https:\/\/muenster.org\/altes-backhaus\/wp-json\/wp\/v2\/comments?post=8352"}],"version-history":[{"count":2,"href":"https:\/\/muenster.org\/altes-backhaus\/wp-json\/wp\/v2\/posts\/8352\/revisions"}],"predecessor-version":[{"id":8355,"href":"https:\/\/muenster.org\/altes-backhaus\/wp-json\/wp\/v2\/posts\/8352\/revisions\/8355"}],"wp:featuredmedia":[{"embeddable":true,"href":"https:\/\/muenster.org\/altes-backhaus\/wp-json\/wp\/v2\/media\/8368"}],"wp:attachment":[{"href":"https:\/\/muenster.org\/altes-backhaus\/wp-json\/wp\/v2\/media?parent=8352"}],"wp:term":[{"taxonomy":"category","embeddable":true,"href":"https:\/\/muenster.org\/altes-backhaus\/wp-json\/wp\/v2\/categories?post=8352"},{"taxonomy":"post_tag","embeddable":true,"href":"https:\/\/muenster.org\/altes-backhaus\/wp-json\/wp\/v2\/tags?post=8352"}],"curies":[{"name":"wp","href":"https:\/\/api.w.org\/{rel}","templated":true}]}}