{"id":8946,"date":"2018-05-11T20:33:03","date_gmt":"2018-05-11T18:33:03","guid":{"rendered":"http:\/\/muenster.org\/altes-backhaus\/?p=8946"},"modified":"2026-01-17T10:03:32","modified_gmt":"2026-01-17T09:03:32","slug":"perlen-aller-art","status":"publish","type":"post","link":"https:\/\/muenster.org\/altes-backhaus\/perlen-aller-art","title":{"rendered":"Perlen aller Art: Anfertigen oder Ver\u00e4ndern"},"content":{"rendered":"\t\t<div data-elementor-type=\"wp-post\" data-elementor-id=\"8946\" class=\"elementor elementor-8946\">\n\t\t\t\t\t\t<section class=\"elementor-section elementor-top-section elementor-element elementor-element-6fd6a9f6 elementor-section-boxed elementor-section-height-default elementor-section-height-default\" data-id=\"6fd6a9f6\" data-element_type=\"section\" data-e-type=\"section\">\n\t\t\t\t\t\t<div class=\"elementor-container elementor-column-gap-default\">\n\t\t\t\t\t<div class=\"elementor-column elementor-col-100 elementor-top-column elementor-element elementor-element-52859c5f\" data-id=\"52859c5f\" data-element_type=\"column\" data-e-type=\"column\">\n\t\t\t<div class=\"elementor-widget-wrap elementor-element-populated\">\n\t\t\t\t\t\t<div class=\"elementor-element elementor-element-10787a5b elementor-widget elementor-widget-text-editor\" data-id=\"10787a5b\" data-element_type=\"widget\" data-e-type=\"widget\" data-widget_type=\"text-editor.default\">\n\t\t\t\t<div class=\"elementor-widget-container\">\n\t\t\t\t\t\t\t\t\t<p><strong>Perlen aller Art: Schmuck selbst herstellen, ver\u00e4ndern oder reparieren.<\/strong><\/p><p><strong>Alle vier<\/strong><b> Wochen dienstags<\/b>\u00a0von <strong>14 bis 16.30 Uhr<\/strong> geht es bei uns um Perlen. Sie sind kunterbunt, wei\u00df, schwarz oder grau, meistens aus Glas, glatt oder mit effektvollem Schliff, manche sind aus Holz, aus Keramik oder gar \u201eecht\u201c. Sie k\u00f6nnen rund sein oder oval, eckig oder in St\u00e4bchenform. Bei uns lernen Sie, Perlen in sehr unterschiedlichen Techniken von einfach bis knifflig zu Ihrer Wunschkette zu verarbeiten.<\/p><p>Wir verwenden nicht nur neue Perlen, sondern gern auch alte, die von nicht mehr modernen Ketten stammen. Gerade Kombinationen von farbigen Glasperlen mit Bernstein-, H\u00e4matit- oder Zucht-Perlen k\u00f6nnen attraktiv sein. Vielleicht haben Sie eine alte Kette geerbt und w\u00fcrden diese gern ver\u00e4ndern? Wir helfen Ihnen dabei! Auch wenn eine Kette repariert werden muss oder einen neuen Verschluss ben\u00f6tigt, sind Sie bei uns richtig. Gerade im Alter sind Magnetverschl\u00fcsse sehr viel einfacher zu handhaben als die \u00fcblichen Karabiner- oder Ringverschl\u00fcsse.<\/p><p>Der Perlenkurs wird von Magdalene Klumps und Ilona Z\u00fchlke geleitet.<\/p><p><strong>Termine in 2026: <br \/><\/strong>13. Januar \u2013 10. Februar \u2013 10. M\u00e4rz<br \/>7. April \u2013 5. Mai \u2013 2. Juni &#8211; 30. Juni<br \/>28. Juli \u2013 25. August \u2013 22. September<br \/>20. Oktober \u2013 17. November \u2013 15. Dezember<\/p>\t\t\t\t\t\t\t\t<\/div>\n\t\t\t\t<\/div>\n\t\t\t\t\t<\/div>\n\t\t<\/div>\n\t\t\t\t\t<\/div>\n\t\t<\/section>\n\t\t\t\t<section class=\"elementor-section elementor-top-section elementor-element elementor-element-7322659 elementor-section-boxed elementor-section-height-default elementor-section-height-default\" data-id=\"7322659\" data-element_type=\"section\" data-e-type=\"section\">\n\t\t\t\t\t\t<div class=\"elementor-container elementor-column-gap-default\">\n\t\t\t\t\t<div class=\"elementor-column elementor-col-100 elementor-top-column elementor-element elementor-element-a7ab2b8\" data-id=\"a7ab2b8\" data-element_type=\"column\" data-e-type=\"column\">\n\t\t\t<div class=\"elementor-widget-wrap elementor-element-populated\">\n\t\t\t\t\t\t<div class=\"elementor-element elementor-element-49321a0 elementor-widget elementor-widget-image\" data-id=\"49321a0\" data-element_type=\"widget\" data-e-type=\"widget\" data-widget_type=\"image.default\">\n\t\t\t\t<div class=\"elementor-widget-container\">\n\t\t\t\t\t\t\t\t\t\t\t\t\t\t\t<img fetchpriority=\"high\" decoding=\"async\" width=\"960\" height=\"720\" src=\"https:\/\/muenster.org\/altes-backhaus\/wp-content\/uploads\/2023\/04\/Ketten.jpg\" class=\"attachment-large size-large wp-image-20286\" alt=\"\" srcset=\"https:\/\/muenster.org\/altes-backhaus\/wp-content\/uploads\/2023\/04\/Ketten.jpg 960w, https:\/\/muenster.org\/altes-backhaus\/wp-content\/uploads\/2023\/04\/Ketten-300x225.jpg 300w, https:\/\/muenster.org\/altes-backhaus\/wp-content\/uploads\/2023\/04\/Ketten-768x576.jpg 768w\" sizes=\"(max-width: 960px) 100vw, 960px\" \/>\t\t\t\t\t\t\t\t\t\t\t\t\t\t\t<\/div>\n\t\t\t\t<\/div>\n\t\t\t\t\t<\/div>\n\t\t<\/div>\n\t\t\t\t\t<\/div>\n\t\t<\/section>\n\t\t\t\t<\/div>\n\t\t","protected":false},"excerpt":{"rendered":"<p>Perlen aller Art: Schmuck selbst herstellen, ver\u00e4ndern oder reparieren. Alle vier Wochen dienstags\u00a0von 14 bis 16.30 Uhr geht es bei uns um Perlen. Sie sind kunterbunt, wei\u00df, schwarz oder grau, meistens aus Glas, glatt oder mit effektvollem Schliff, manche sind aus Holz, aus Keramik oder gar \u201eecht\u201c. Sie k\u00f6nnen rund sein oder oval, eckig oder&hellip;&nbsp;<\/p>\n<div class=\"read-more-wrapper\"><a href=\"https:\/\/muenster.org\/altes-backhaus\/perlen-aller-art\" class=\"button button-primary\" rel=\"bookmark\">Mehr lesen &raquo;<span class=\"screen-reader-text\">Perlen aller Art: Anfertigen oder Ver\u00e4ndern<\/span><\/a><\/div>\n","protected":false},"author":50,"featured_media":23264,"comment_status":"closed","ping_status":"open","sticky":false,"template":"","format":"standard","meta":{"neve_meta_sidebar":"","neve_meta_container":"","neve_meta_enable_content_width":"off","neve_meta_content_width":70,"neve_meta_title_alignment":"","neve_meta_author_avatar":"","neve_post_elements_order":"","neve_meta_disable_header":"","neve_meta_disable_footer":"","neve_meta_disable_title":"","neve_meta_reading_time":"","_themeisle_gutenberg_block_has_review":false,"cybocfi_hide_featured_image":"","footnotes":""},"categories":[133],"tags":[],"class_list":["post-8946","post","type-post","status-publish","format-standard","has-post-thumbnail","hentry","category-kreatives"],"yoast_head":"<!-- This site is optimized with the Yoast SEO plugin v27.5 - https:\/\/yoast.com\/product\/yoast-seo-wordpress\/ -->\n<title>Perlen aller Art: Anfertigen oder Ver\u00e4ndern - Altes Backhaus<\/title>\n<meta name=\"robots\" content=\"index, follow, max-snippet:-1, max-image-preview:large, max-video-preview:-1\" \/>\n<link rel=\"canonical\" href=\"https:\/\/muenster.org\/altes-backhaus\/perlen-aller-art\" \/>\n<meta name=\"twitter:label1\" content=\"Verfasst von\" \/>\n\t<meta name=\"twitter:data1\" content=\"Ilona Z\u00fchlke\" \/>\n\t<meta name=\"twitter:label2\" content=\"Gesch\u00e4tzte Lesezeit\" \/>\n\t<meta name=\"twitter:data2\" content=\"2\u00a0Minuten\" \/>\n<script type=\"application\/ld+json\" class=\"yoast-schema-graph\">{\"@context\":\"https:\\\/\\\/schema.org\",\"@graph\":[{\"@type\":\"Article\",\"@id\":\"https:\\\/\\\/muenster.org\\\/altes-backhaus\\\/perlen-aller-art#article\",\"isPartOf\":{\"@id\":\"https:\\\/\\\/muenster.org\\\/altes-backhaus\\\/perlen-aller-art\"},\"author\":{\"name\":\"Ilona Z\u00fchlke\",\"@id\":\"https:\\\/\\\/muenster.org\\\/altes-backhaus\\\/#\\\/schema\\\/person\\\/2f6483204a37970b25de577908748d27\"},\"headline\":\"Perlen aller Art: Anfertigen oder Ver\u00e4ndern\",\"datePublished\":\"2018-05-11T18:33:03+00:00\",\"dateModified\":\"2026-01-17T09:03:32+00:00\",\"mainEntityOfPage\":{\"@id\":\"https:\\\/\\\/muenster.org\\\/altes-backhaus\\\/perlen-aller-art\"},\"wordCount\":198,\"publisher\":{\"@id\":\"https:\\\/\\\/muenster.org\\\/altes-backhaus\\\/#organization\"},\"image\":{\"@id\":\"https:\\\/\\\/muenster.org\\\/altes-backhaus\\\/perlen-aller-art#primaryimage\"},\"thumbnailUrl\":\"https:\\\/\\\/muenster.org\\\/altes-backhaus\\\/wp-content\\\/uploads\\\/2025\\\/01\\\/Perlhuehner.jpg\",\"articleSection\":[\"Kreatives\"],\"inLanguage\":\"de\"},{\"@type\":\"WebPage\",\"@id\":\"https:\\\/\\\/muenster.org\\\/altes-backhaus\\\/perlen-aller-art\",\"url\":\"https:\\\/\\\/muenster.org\\\/altes-backhaus\\\/perlen-aller-art\",\"name\":\"Perlen aller Art: Anfertigen oder Ver\u00e4ndern - Altes Backhaus\",\"isPartOf\":{\"@id\":\"https:\\\/\\\/muenster.org\\\/altes-backhaus\\\/#website\"},\"primaryImageOfPage\":{\"@id\":\"https:\\\/\\\/muenster.org\\\/altes-backhaus\\\/perlen-aller-art#primaryimage\"},\"image\":{\"@id\":\"https:\\\/\\\/muenster.org\\\/altes-backhaus\\\/perlen-aller-art#primaryimage\"},\"thumbnailUrl\":\"https:\\\/\\\/muenster.org\\\/altes-backhaus\\\/wp-content\\\/uploads\\\/2025\\\/01\\\/Perlhuehner.jpg\",\"datePublished\":\"2018-05-11T18:33:03+00:00\",\"dateModified\":\"2026-01-17T09:03:32+00:00\",\"breadcrumb\":{\"@id\":\"https:\\\/\\\/muenster.org\\\/altes-backhaus\\\/perlen-aller-art#breadcrumb\"},\"inLanguage\":\"de\",\"potentialAction\":[{\"@type\":\"ReadAction\",\"target\":[\"https:\\\/\\\/muenster.org\\\/altes-backhaus\\\/perlen-aller-art\"]}]},{\"@type\":\"ImageObject\",\"inLanguage\":\"de\",\"@id\":\"https:\\\/\\\/muenster.org\\\/altes-backhaus\\\/perlen-aller-art#primaryimage\",\"url\":\"https:\\\/\\\/muenster.org\\\/altes-backhaus\\\/wp-content\\\/uploads\\\/2025\\\/01\\\/Perlhuehner.jpg\",\"contentUrl\":\"https:\\\/\\\/muenster.org\\\/altes-backhaus\\\/wp-content\\\/uploads\\\/2025\\\/01\\\/Perlhuehner.jpg\",\"width\":440,\"height\":494},{\"@type\":\"BreadcrumbList\",\"@id\":\"https:\\\/\\\/muenster.org\\\/altes-backhaus\\\/perlen-aller-art#breadcrumb\",\"itemListElement\":[{\"@type\":\"ListItem\",\"position\":1,\"name\":\"Home\",\"item\":\"https:\\\/\\\/muenster.org\\\/altes-backhaus\\\/\"},{\"@type\":\"ListItem\",\"position\":2,\"name\":\"Perlen aller Art: Anfertigen oder Ver\u00e4ndern\"}]},{\"@type\":\"WebSite\",\"@id\":\"https:\\\/\\\/muenster.org\\\/altes-backhaus\\\/#website\",\"url\":\"https:\\\/\\\/muenster.org\\\/altes-backhaus\\\/\",\"name\":\"Altes Backhaus\",\"description\":\"Die Begegnungs- und Bildungsst\u00e4tte im Kreuzviertel\",\"publisher\":{\"@id\":\"https:\\\/\\\/muenster.org\\\/altes-backhaus\\\/#organization\"},\"potentialAction\":[{\"@type\":\"SearchAction\",\"target\":{\"@type\":\"EntryPoint\",\"urlTemplate\":\"https:\\\/\\\/muenster.org\\\/altes-backhaus\\\/?s={search_term_string}\"},\"query-input\":{\"@type\":\"PropertyValueSpecification\",\"valueRequired\":true,\"valueName\":\"search_term_string\"}}],\"inLanguage\":\"de\"},{\"@type\":\"Organization\",\"@id\":\"https:\\\/\\\/muenster.org\\\/altes-backhaus\\\/#organization\",\"name\":\"Altes Backhaus\",\"url\":\"https:\\\/\\\/muenster.org\\\/altes-backhaus\\\/\",\"logo\":{\"@type\":\"ImageObject\",\"inLanguage\":\"de\",\"@id\":\"https:\\\/\\\/muenster.org\\\/altes-backhaus\\\/#\\\/schema\\\/logo\\\/image\\\/\",\"url\":\"https:\\\/\\\/muenster.org\\\/altes-backhaus\\\/wp-content\\\/uploads\\\/2020\\\/05\\\/cropped-logo.jpg\",\"contentUrl\":\"https:\\\/\\\/muenster.org\\\/altes-backhaus\\\/wp-content\\\/uploads\\\/2020\\\/05\\\/cropped-logo.jpg\",\"width\":287,\"height\":95,\"caption\":\"Altes Backhaus\"},\"image\":{\"@id\":\"https:\\\/\\\/muenster.org\\\/altes-backhaus\\\/#\\\/schema\\\/logo\\\/image\\\/\"}},{\"@type\":\"Person\",\"@id\":\"https:\\\/\\\/muenster.org\\\/altes-backhaus\\\/#\\\/schema\\\/person\\\/2f6483204a37970b25de577908748d27\",\"name\":\"Ilona Z\u00fchlke\",\"url\":\"https:\\\/\\\/muenster.org\\\/altes-backhaus\\\/author\\\/ilona\"}]}<\/script>\n<!-- \/ Yoast SEO plugin. -->","yoast_head_json":{"title":"Perlen aller Art: Anfertigen oder Ver\u00e4ndern - Altes Backhaus","robots":{"index":"index","follow":"follow","max-snippet":"max-snippet:-1","max-image-preview":"max-image-preview:large","max-video-preview":"max-video-preview:-1"},"canonical":"https:\/\/muenster.org\/altes-backhaus\/perlen-aller-art","twitter_misc":{"Verfasst von":"Ilona Z\u00fchlke","Gesch\u00e4tzte Lesezeit":"2\u00a0Minuten"},"schema":{"@context":"https:\/\/schema.org","@graph":[{"@type":"Article","@id":"https:\/\/muenster.org\/altes-backhaus\/perlen-aller-art#article","isPartOf":{"@id":"https:\/\/muenster.org\/altes-backhaus\/perlen-aller-art"},"author":{"name":"Ilona Z\u00fchlke","@id":"https:\/\/muenster.org\/altes-backhaus\/#\/schema\/person\/2f6483204a37970b25de577908748d27"},"headline":"Perlen aller Art: Anfertigen oder Ver\u00e4ndern","datePublished":"2018-05-11T18:33:03+00:00","dateModified":"2026-01-17T09:03:32+00:00","mainEntityOfPage":{"@id":"https:\/\/muenster.org\/altes-backhaus\/perlen-aller-art"},"wordCount":198,"publisher":{"@id":"https:\/\/muenster.org\/altes-backhaus\/#organization"},"image":{"@id":"https:\/\/muenster.org\/altes-backhaus\/perlen-aller-art#primaryimage"},"thumbnailUrl":"https:\/\/muenster.org\/altes-backhaus\/wp-content\/uploads\/2025\/01\/Perlhuehner.jpg","articleSection":["Kreatives"],"inLanguage":"de"},{"@type":"WebPage","@id":"https:\/\/muenster.org\/altes-backhaus\/perlen-aller-art","url":"https:\/\/muenster.org\/altes-backhaus\/perlen-aller-art","name":"Perlen aller Art: Anfertigen oder Ver\u00e4ndern - Altes Backhaus","isPartOf":{"@id":"https:\/\/muenster.org\/altes-backhaus\/#website"},"primaryImageOfPage":{"@id":"https:\/\/muenster.org\/altes-backhaus\/perlen-aller-art#primaryimage"},"image":{"@id":"https:\/\/muenster.org\/altes-backhaus\/perlen-aller-art#primaryimage"},"thumbnailUrl":"https:\/\/muenster.org\/altes-backhaus\/wp-content\/uploads\/2025\/01\/Perlhuehner.jpg","datePublished":"2018-05-11T18:33:03+00:00","dateModified":"2026-01-17T09:03:32+00:00","breadcrumb":{"@id":"https:\/\/muenster.org\/altes-backhaus\/perlen-aller-art#breadcrumb"},"inLanguage":"de","potentialAction":[{"@type":"ReadAction","target":["https:\/\/muenster.org\/altes-backhaus\/perlen-aller-art"]}]},{"@type":"ImageObject","inLanguage":"de","@id":"https:\/\/muenster.org\/altes-backhaus\/perlen-aller-art#primaryimage","url":"https:\/\/muenster.org\/altes-backhaus\/wp-content\/uploads\/2025\/01\/Perlhuehner.jpg","contentUrl":"https:\/\/muenster.org\/altes-backhaus\/wp-content\/uploads\/2025\/01\/Perlhuehner.jpg","width":440,"height":494},{"@type":"BreadcrumbList","@id":"https:\/\/muenster.org\/altes-backhaus\/perlen-aller-art#breadcrumb","itemListElement":[{"@type":"ListItem","position":1,"name":"Home","item":"https:\/\/muenster.org\/altes-backhaus\/"},{"@type":"ListItem","position":2,"name":"Perlen aller Art: Anfertigen oder Ver\u00e4ndern"}]},{"@type":"WebSite","@id":"https:\/\/muenster.org\/altes-backhaus\/#website","url":"https:\/\/muenster.org\/altes-backhaus\/","name":"Altes Backhaus","description":"Die Begegnungs- und Bildungsst\u00e4tte im Kreuzviertel","publisher":{"@id":"https:\/\/muenster.org\/altes-backhaus\/#organization"},"potentialAction":[{"@type":"SearchAction","target":{"@type":"EntryPoint","urlTemplate":"https:\/\/muenster.org\/altes-backhaus\/?s={search_term_string}"},"query-input":{"@type":"PropertyValueSpecification","valueRequired":true,"valueName":"search_term_string"}}],"inLanguage":"de"},{"@type":"Organization","@id":"https:\/\/muenster.org\/altes-backhaus\/#organization","name":"Altes Backhaus","url":"https:\/\/muenster.org\/altes-backhaus\/","logo":{"@type":"ImageObject","inLanguage":"de","@id":"https:\/\/muenster.org\/altes-backhaus\/#\/schema\/logo\/image\/","url":"https:\/\/muenster.org\/altes-backhaus\/wp-content\/uploads\/2020\/05\/cropped-logo.jpg","contentUrl":"https:\/\/muenster.org\/altes-backhaus\/wp-content\/uploads\/2020\/05\/cropped-logo.jpg","width":287,"height":95,"caption":"Altes Backhaus"},"image":{"@id":"https:\/\/muenster.org\/altes-backhaus\/#\/schema\/logo\/image\/"}},{"@type":"Person","@id":"https:\/\/muenster.org\/altes-backhaus\/#\/schema\/person\/2f6483204a37970b25de577908748d27","name":"Ilona Z\u00fchlke","url":"https:\/\/muenster.org\/altes-backhaus\/author\/ilona"}]}},"amp_enabled":true,"rttpg_featured_image_url":{"full":["https:\/\/muenster.org\/altes-backhaus\/wp-content\/uploads\/2025\/01\/Perlhuehner.jpg",440,494,false],"landscape":["https:\/\/muenster.org\/altes-backhaus\/wp-content\/uploads\/2025\/01\/Perlhuehner.jpg",440,494,false],"portraits":["https:\/\/muenster.org\/altes-backhaus\/wp-content\/uploads\/2025\/01\/Perlhuehner.jpg",440,494,false],"thumbnail":["https:\/\/muenster.org\/altes-backhaus\/wp-content\/uploads\/2025\/01\/Perlhuehner-150x150.jpg",150,150,true],"medium":["https:\/\/muenster.org\/altes-backhaus\/wp-content\/uploads\/2025\/01\/Perlhuehner-267x300.jpg",267,300,true],"large":["https:\/\/muenster.org\/altes-backhaus\/wp-content\/uploads\/2025\/01\/Perlhuehner.jpg",440,494,false],"1536x1536":["https:\/\/muenster.org\/altes-backhaus\/wp-content\/uploads\/2025\/01\/Perlhuehner.jpg",440,494,false],"2048x2048":["https:\/\/muenster.org\/altes-backhaus\/wp-content\/uploads\/2025\/01\/Perlhuehner.jpg",440,494,false],"neve-blog":["https:\/\/muenster.org\/altes-backhaus\/wp-content\/uploads\/2025\/01\/Perlhuehner.jpg",440,494,false]},"rttpg_author":{"display_name":"Ilona Z\u00fchlke","author_link":"https:\/\/muenster.org\/altes-backhaus\/author\/ilona"},"rttpg_comment":0,"rttpg_category":"<a href=\"https:\/\/muenster.org\/altes-backhaus\/Sprachen\/angebote\/kreatives\" rel=\"category tag\">Kreatives<\/a>","rttpg_excerpt":"Perlen aller Art: Schmuck selbst herstellen, ver\u00e4ndern oder reparieren. Alle vier Wochen dienstags\u00a0von 14 bis 16.30 Uhr geht es bei uns um Perlen. Sie sind kunterbunt, wei\u00df, schwarz oder grau, meistens aus Glas, glatt oder mit effektvollem Schliff, manche sind aus Holz, aus Keramik oder gar \u201eecht\u201c. Sie k\u00f6nnen rund sein oder oval, eckig oder&hellip;&nbsp;Mehr&hellip;","_links":{"self":[{"href":"https:\/\/muenster.org\/altes-backhaus\/wp-json\/wp\/v2\/posts\/8946","targetHints":{"allow":["GET"]}}],"collection":[{"href":"https:\/\/muenster.org\/altes-backhaus\/wp-json\/wp\/v2\/posts"}],"about":[{"href":"https:\/\/muenster.org\/altes-backhaus\/wp-json\/wp\/v2\/types\/post"}],"author":[{"embeddable":true,"href":"https:\/\/muenster.org\/altes-backhaus\/wp-json\/wp\/v2\/users\/50"}],"replies":[{"embeddable":true,"href":"https:\/\/muenster.org\/altes-backhaus\/wp-json\/wp\/v2\/comments?post=8946"}],"version-history":[{"count":24,"href":"https:\/\/muenster.org\/altes-backhaus\/wp-json\/wp\/v2\/posts\/8946\/revisions"}],"predecessor-version":[{"id":24783,"href":"https:\/\/muenster.org\/altes-backhaus\/wp-json\/wp\/v2\/posts\/8946\/revisions\/24783"}],"wp:featuredmedia":[{"embeddable":true,"href":"https:\/\/muenster.org\/altes-backhaus\/wp-json\/wp\/v2\/media\/23264"}],"wp:attachment":[{"href":"https:\/\/muenster.org\/altes-backhaus\/wp-json\/wp\/v2\/media?parent=8946"}],"wp:term":[{"taxonomy":"category","embeddable":true,"href":"https:\/\/muenster.org\/altes-backhaus\/wp-json\/wp\/v2\/categories?post=8946"},{"taxonomy":"post_tag","embeddable":true,"href":"https:\/\/muenster.org\/altes-backhaus\/wp-json\/wp\/v2\/tags?post=8946"}],"curies":[{"name":"wp","href":"https:\/\/api.w.org\/{rel}","templated":true}]}}