{"id":1415,"date":"2017-09-14T13:53:38","date_gmt":"2017-09-14T11:53:38","guid":{"rendered":"http:\/\/muenster.org\/eichendorffschule\/?p=1415"},"modified":"2017-09-22T15:14:02","modified_gmt":"2017-09-22T13:14:02","slug":"kinderfriedensfest","status":"publish","type":"post","link":"https:\/\/muenster.org\/eichendorffschule\/kinderfriedensfest\/","title":{"rendered":"Kinderfriedensfest"},"content":{"rendered":"<p>Am Dienstag, 12.09.17, fuhren die Klassen 3b, 4a und 4b der Eichendorffschule zum 20. Kinderfriedensfest auf den Domplatz. Zur Vorbereitung \u00fcbten wir die Friedenslieder, die auf dem Fest gesungen wurden. Die Klassen 4a und 4b durften sogar ein Lied auf der B\u00fchne singen. Es war das Lied &#8222;Opa hat &#8217;nen Esel&#8220;, das wir auf Deutsch und Arabisch sangen. Auf dem Friedensfest trugen Kinder aus vielen L\u00e4ndern ihre Friedensgr\u00fc\u00dfe in ihren Herkunfssprachen vor. Auch Kinder der Eichendorffschule bereiteten Friedensw\u00fcnsche auf kurdisch und deutsch vor. Alle Kinder bemalten den Domplatz zur Musik von &#8222;Karibuni&#8220;. Es war ein toller, aufregender Tag f\u00fcr Gro\u00df und Klein!<\/p>\n<p><a href=\"http:\/\/muenster.org\/eichendorffschule\/wp-content\/uploads\/2017\/09\/IMG_8101-1.jpg\"><img loading=\"lazy\" decoding=\"async\" class=\"alignnone size-medium wp-image-1445\" src=\"http:\/\/muenster.org\/eichendorffschule\/wp-content\/uploads\/2017\/09\/IMG_8101-1-300x225.jpg\" alt=\"\" width=\"300\" height=\"225\" srcset=\"https:\/\/muenster.org\/eichendorffschule\/wp-content\/uploads\/2017\/09\/IMG_8101-1-300x225.jpg 300w, https:\/\/muenster.org\/eichendorffschule\/wp-content\/uploads\/2017\/09\/IMG_8101-1-768x576.jpg 768w, https:\/\/muenster.org\/eichendorffschule\/wp-content\/uploads\/2017\/09\/IMG_8101-1-1024x768.jpg 1024w, https:\/\/muenster.org\/eichendorffschule\/wp-content\/uploads\/2017\/09\/IMG_8101-1.jpg 2048w\" sizes=\"auto, (max-width: 300px) 100vw, 300px\" \/><\/a> <a href=\"http:\/\/muenster.org\/eichendorffschule\/wp-content\/uploads\/2017\/09\/IMG_8097-1.jpg\"><img loading=\"lazy\" decoding=\"async\" class=\"alignnone size-medium wp-image-1444\" src=\"http:\/\/muenster.org\/eichendorffschule\/wp-content\/uploads\/2017\/09\/IMG_8097-1-300x225.jpg\" alt=\"\" width=\"300\" height=\"225\" srcset=\"https:\/\/muenster.org\/eichendorffschule\/wp-content\/uploads\/2017\/09\/IMG_8097-1-300x225.jpg 300w, https:\/\/muenster.org\/eichendorffschule\/wp-content\/uploads\/2017\/09\/IMG_8097-1-768x576.jpg 768w, https:\/\/muenster.org\/eichendorffschule\/wp-content\/uploads\/2017\/09\/IMG_8097-1-1024x768.jpg 1024w, https:\/\/muenster.org\/eichendorffschule\/wp-content\/uploads\/2017\/09\/IMG_8097-1.jpg 2048w\" sizes=\"auto, (max-width: 300px) 100vw, 300px\" \/><\/a> <a href=\"http:\/\/muenster.org\/eichendorffschule\/wp-content\/uploads\/2017\/09\/IMG_8094-1.jpg\"><img loading=\"lazy\" decoding=\"async\" class=\"alignnone size-medium wp-image-1443\" src=\"http:\/\/muenster.org\/eichendorffschule\/wp-content\/uploads\/2017\/09\/IMG_8094-1-300x225.jpg\" alt=\"\" width=\"300\" height=\"225\" srcset=\"https:\/\/muenster.org\/eichendorffschule\/wp-content\/uploads\/2017\/09\/IMG_8094-1-300x225.jpg 300w, https:\/\/muenster.org\/eichendorffschule\/wp-content\/uploads\/2017\/09\/IMG_8094-1-768x576.jpg 768w, https:\/\/muenster.org\/eichendorffschule\/wp-content\/uploads\/2017\/09\/IMG_8094-1-1024x768.jpg 1024w, https:\/\/muenster.org\/eichendorffschule\/wp-content\/uploads\/2017\/09\/IMG_8094-1.jpg 2048w\" sizes=\"auto, (max-width: 300px) 100vw, 300px\" \/><\/a> <a href=\"http:\/\/muenster.org\/eichendorffschule\/wp-content\/uploads\/2017\/09\/IMG_8092.jpg\"><img loading=\"lazy\" decoding=\"async\" class=\"alignnone size-medium wp-image-1442\" src=\"http:\/\/muenster.org\/eichendorffschule\/wp-content\/uploads\/2017\/09\/IMG_8092-300x225.jpg\" alt=\"\" width=\"300\" height=\"225\" srcset=\"https:\/\/muenster.org\/eichendorffschule\/wp-content\/uploads\/2017\/09\/IMG_8092-300x225.jpg 300w, https:\/\/muenster.org\/eichendorffschule\/wp-content\/uploads\/2017\/09\/IMG_8092-768x576.jpg 768w, https:\/\/muenster.org\/eichendorffschule\/wp-content\/uploads\/2017\/09\/IMG_8092-1024x768.jpg 1024w, https:\/\/muenster.org\/eichendorffschule\/wp-content\/uploads\/2017\/09\/IMG_8092.jpg 2048w\" sizes=\"auto, (max-width: 300px) 100vw, 300px\" \/><\/a> <a href=\"http:\/\/muenster.org\/eichendorffschule\/wp-content\/uploads\/2017\/09\/IMG_8091-1.jpg\"><img loading=\"lazy\" decoding=\"async\" class=\"alignnone size-medium wp-image-1441\" src=\"http:\/\/muenster.org\/eichendorffschule\/wp-content\/uploads\/2017\/09\/IMG_8091-1-300x225.jpg\" alt=\"\" width=\"300\" height=\"225\" srcset=\"https:\/\/muenster.org\/eichendorffschule\/wp-content\/uploads\/2017\/09\/IMG_8091-1-300x225.jpg 300w, https:\/\/muenster.org\/eichendorffschule\/wp-content\/uploads\/2017\/09\/IMG_8091-1-768x576.jpg 768w, https:\/\/muenster.org\/eichendorffschule\/wp-content\/uploads\/2017\/09\/IMG_8091-1-1024x768.jpg 1024w, https:\/\/muenster.org\/eichendorffschule\/wp-content\/uploads\/2017\/09\/IMG_8091-1.jpg 2048w\" sizes=\"auto, (max-width: 300px) 100vw, 300px\" \/><\/a> <a href=\"http:\/\/muenster.org\/eichendorffschule\/wp-content\/uploads\/2017\/09\/IMG_8090-1.jpg\"><img loading=\"lazy\" decoding=\"async\" class=\"alignnone size-medium wp-image-1440\" src=\"http:\/\/muenster.org\/eichendorffschule\/wp-content\/uploads\/2017\/09\/IMG_8090-1-300x225.jpg\" alt=\"\" width=\"300\" height=\"225\" srcset=\"https:\/\/muenster.org\/eichendorffschule\/wp-content\/uploads\/2017\/09\/IMG_8090-1-300x225.jpg 300w, https:\/\/muenster.org\/eichendorffschule\/wp-content\/uploads\/2017\/09\/IMG_8090-1-768x576.jpg 768w, https:\/\/muenster.org\/eichendorffschule\/wp-content\/uploads\/2017\/09\/IMG_8090-1-1024x768.jpg 1024w, https:\/\/muenster.org\/eichendorffschule\/wp-content\/uploads\/2017\/09\/IMG_8090-1.jpg 2048w\" sizes=\"auto, (max-width: 300px) 100vw, 300px\" \/><\/a> <a href=\"http:\/\/muenster.org\/eichendorffschule\/wp-content\/uploads\/2017\/09\/IMG_8089-1.jpg\"><img loading=\"lazy\" decoding=\"async\" class=\"alignnone size-medium wp-image-1439\" src=\"http:\/\/muenster.org\/eichendorffschule\/wp-content\/uploads\/2017\/09\/IMG_8089-1-300x225.jpg\" alt=\"\" width=\"300\" height=\"225\" srcset=\"https:\/\/muenster.org\/eichendorffschule\/wp-content\/uploads\/2017\/09\/IMG_8089-1-300x225.jpg 300w, https:\/\/muenster.org\/eichendorffschule\/wp-content\/uploads\/2017\/09\/IMG_8089-1-768x576.jpg 768w, https:\/\/muenster.org\/eichendorffschule\/wp-content\/uploads\/2017\/09\/IMG_8089-1-1024x768.jpg 1024w, https:\/\/muenster.org\/eichendorffschule\/wp-content\/uploads\/2017\/09\/IMG_8089-1.jpg 2048w\" sizes=\"auto, (max-width: 300px) 100vw, 300px\" \/><\/a> <a href=\"http:\/\/muenster.org\/eichendorffschule\/wp-content\/uploads\/2017\/09\/IMG_8087-1.jpg\"><img loading=\"lazy\" decoding=\"async\" class=\"alignnone size-medium wp-image-1438\" src=\"http:\/\/muenster.org\/eichendorffschule\/wp-content\/uploads\/2017\/09\/IMG_8087-1-300x225.jpg\" alt=\"\" width=\"300\" height=\"225\" srcset=\"https:\/\/muenster.org\/eichendorffschule\/wp-content\/uploads\/2017\/09\/IMG_8087-1-300x225.jpg 300w, https:\/\/muenster.org\/eichendorffschule\/wp-content\/uploads\/2017\/09\/IMG_8087-1-768x576.jpg 768w, https:\/\/muenster.org\/eichendorffschule\/wp-content\/uploads\/2017\/09\/IMG_8087-1-1024x768.jpg 1024w, https:\/\/muenster.org\/eichendorffschule\/wp-content\/uploads\/2017\/09\/IMG_8087-1.jpg 2048w\" sizes=\"auto, (max-width: 300px) 100vw, 300px\" \/><\/a> <a href=\"http:\/\/muenster.org\/eichendorffschule\/wp-content\/uploads\/2017\/09\/IMG_8086-1.jpg\"><img loading=\"lazy\" decoding=\"async\" class=\"alignnone size-medium wp-image-1437\" src=\"http:\/\/muenster.org\/eichendorffschule\/wp-content\/uploads\/2017\/09\/IMG_8086-1-300x225.jpg\" alt=\"\" width=\"300\" height=\"225\" srcset=\"https:\/\/muenster.org\/eichendorffschule\/wp-content\/uploads\/2017\/09\/IMG_8086-1-300x225.jpg 300w, https:\/\/muenster.org\/eichendorffschule\/wp-content\/uploads\/2017\/09\/IMG_8086-1-768x576.jpg 768w, https:\/\/muenster.org\/eichendorffschule\/wp-content\/uploads\/2017\/09\/IMG_8086-1-1024x768.jpg 1024w, https:\/\/muenster.org\/eichendorffschule\/wp-content\/uploads\/2017\/09\/IMG_8086-1.jpg 2048w\" sizes=\"auto, (max-width: 300px) 100vw, 300px\" \/><\/a> <a href=\"http:\/\/muenster.org\/eichendorffschule\/wp-content\/uploads\/2017\/09\/IMG_8085-1.jpg\"><img loading=\"lazy\" decoding=\"async\" class=\"alignnone size-medium wp-image-1436\" src=\"http:\/\/muenster.org\/eichendorffschule\/wp-content\/uploads\/2017\/09\/IMG_8085-1-300x225.jpg\" alt=\"\" width=\"300\" height=\"225\" srcset=\"https:\/\/muenster.org\/eichendorffschule\/wp-content\/uploads\/2017\/09\/IMG_8085-1-300x225.jpg 300w, https:\/\/muenster.org\/eichendorffschule\/wp-content\/uploads\/2017\/09\/IMG_8085-1-768x576.jpg 768w, https:\/\/muenster.org\/eichendorffschule\/wp-content\/uploads\/2017\/09\/IMG_8085-1-1024x768.jpg 1024w, https:\/\/muenster.org\/eichendorffschule\/wp-content\/uploads\/2017\/09\/IMG_8085-1.jpg 2048w\" sizes=\"auto, (max-width: 300px) 100vw, 300px\" \/><\/a> <a href=\"http:\/\/muenster.org\/eichendorffschule\/wp-content\/uploads\/2017\/09\/IMG_8084-1.jpg\"><img loading=\"lazy\" decoding=\"async\" class=\"alignnone size-medium wp-image-1435\" src=\"http:\/\/muenster.org\/eichendorffschule\/wp-content\/uploads\/2017\/09\/IMG_8084-1-300x225.jpg\" alt=\"\" width=\"300\" height=\"225\" srcset=\"https:\/\/muenster.org\/eichendorffschule\/wp-content\/uploads\/2017\/09\/IMG_8084-1-300x225.jpg 300w, https:\/\/muenster.org\/eichendorffschule\/wp-content\/uploads\/2017\/09\/IMG_8084-1-768x576.jpg 768w, https:\/\/muenster.org\/eichendorffschule\/wp-content\/uploads\/2017\/09\/IMG_8084-1-1024x768.jpg 1024w, https:\/\/muenster.org\/eichendorffschule\/wp-content\/uploads\/2017\/09\/IMG_8084-1.jpg 2048w\" sizes=\"auto, (max-width: 300px) 100vw, 300px\" \/><\/a> <a href=\"http:\/\/muenster.org\/eichendorffschule\/wp-content\/uploads\/2017\/09\/IMG_8083-1.jpg\"><img loading=\"lazy\" decoding=\"async\" class=\"alignnone size-medium wp-image-1434\" src=\"http:\/\/muenster.org\/eichendorffschule\/wp-content\/uploads\/2017\/09\/IMG_8083-1-300x225.jpg\" alt=\"\" width=\"300\" height=\"225\" srcset=\"https:\/\/muenster.org\/eichendorffschule\/wp-content\/uploads\/2017\/09\/IMG_8083-1-300x225.jpg 300w, https:\/\/muenster.org\/eichendorffschule\/wp-content\/uploads\/2017\/09\/IMG_8083-1-768x576.jpg 768w, https:\/\/muenster.org\/eichendorffschule\/wp-content\/uploads\/2017\/09\/IMG_8083-1-1024x768.jpg 1024w, https:\/\/muenster.org\/eichendorffschule\/wp-content\/uploads\/2017\/09\/IMG_8083-1.jpg 2048w\" sizes=\"auto, (max-width: 300px) 100vw, 300px\" \/><\/a> <a href=\"http:\/\/muenster.org\/eichendorffschule\/wp-content\/uploads\/2017\/09\/IMG_8082-1.jpg\"><img loading=\"lazy\" decoding=\"async\" class=\"alignnone size-medium wp-image-1433\" src=\"http:\/\/muenster.org\/eichendorffschule\/wp-content\/uploads\/2017\/09\/IMG_8082-1-300x225.jpg\" alt=\"\" width=\"300\" height=\"225\" srcset=\"https:\/\/muenster.org\/eichendorffschule\/wp-content\/uploads\/2017\/09\/IMG_8082-1-300x225.jpg 300w, https:\/\/muenster.org\/eichendorffschule\/wp-content\/uploads\/2017\/09\/IMG_8082-1-768x576.jpg 768w, https:\/\/muenster.org\/eichendorffschule\/wp-content\/uploads\/2017\/09\/IMG_8082-1-1024x768.jpg 1024w, https:\/\/muenster.org\/eichendorffschule\/wp-content\/uploads\/2017\/09\/IMG_8082-1.jpg 2048w\" sizes=\"auto, (max-width: 300px) 100vw, 300px\" \/><\/a> <a href=\"http:\/\/muenster.org\/eichendorffschule\/wp-content\/uploads\/2017\/09\/IMG_8081-1.jpg\"><img loading=\"lazy\" decoding=\"async\" class=\"alignnone size-medium wp-image-1432\" src=\"http:\/\/muenster.org\/eichendorffschule\/wp-content\/uploads\/2017\/09\/IMG_8081-1-300x225.jpg\" alt=\"\" width=\"300\" height=\"225\" srcset=\"https:\/\/muenster.org\/eichendorffschule\/wp-content\/uploads\/2017\/09\/IMG_8081-1-300x225.jpg 300w, https:\/\/muenster.org\/eichendorffschule\/wp-content\/uploads\/2017\/09\/IMG_8081-1-768x576.jpg 768w, https:\/\/muenster.org\/eichendorffschule\/wp-content\/uploads\/2017\/09\/IMG_8081-1-1024x768.jpg 1024w, https:\/\/muenster.org\/eichendorffschule\/wp-content\/uploads\/2017\/09\/IMG_8081-1.jpg 2048w\" sizes=\"auto, (max-width: 300px) 100vw, 300px\" \/><\/a><\/p>\n","protected":false},"excerpt":{"rendered":"<p>Am Dienstag, 12.09.17, fuhren die Klassen 3b, 4a und 4b der Eichendorffschule zum 20. Kinderfriedensfest auf den Domplatz. Zur Vorbereitung \u00fcbten wir die Friedenslieder, die auf dem Fest gesungen wurden. Die Klassen 4a und 4b durften sogar ein Lied auf der B\u00fchne singen. Es war das Lied &#8222;Opa hat &#8217;nen Esel&#8220;, das wir auf Deutsch [&hellip;]<\/p>\n","protected":false},"author":15,"featured_media":1446,"comment_status":"closed","ping_status":"closed","sticky":false,"template":"","format":"standard","meta":{"footnotes":""},"categories":[17],"tags":[],"class_list":["post-1415","post","type-post","status-publish","format-standard","has-post-thumbnail","hentry","category-aktuelleinfos"],"_links":{"self":[{"href":"https:\/\/muenster.org\/eichendorffschule\/wp-json\/wp\/v2\/posts\/1415","targetHints":{"allow":["GET"]}}],"collection":[{"href":"https:\/\/muenster.org\/eichendorffschule\/wp-json\/wp\/v2\/posts"}],"about":[{"href":"https:\/\/muenster.org\/eichendorffschule\/wp-json\/wp\/v2\/types\/post"}],"author":[{"embeddable":true,"href":"https:\/\/muenster.org\/eichendorffschule\/wp-json\/wp\/v2\/users\/15"}],"replies":[{"embeddable":true,"href":"https:\/\/muenster.org\/eichendorffschule\/wp-json\/wp\/v2\/comments?post=1415"}],"version-history":[{"count":0,"href":"https:\/\/muenster.org\/eichendorffschule\/wp-json\/wp\/v2\/posts\/1415\/revisions"}],"wp:featuredmedia":[{"embeddable":true,"href":"https:\/\/muenster.org\/eichendorffschule\/wp-json\/wp\/v2\/media\/1446"}],"wp:attachment":[{"href":"https:\/\/muenster.org\/eichendorffschule\/wp-json\/wp\/v2\/media?parent=1415"}],"wp:term":[{"taxonomy":"category","embeddable":true,"href":"https:\/\/muenster.org\/eichendorffschule\/wp-json\/wp\/v2\/categories?post=1415"},{"taxonomy":"post_tag","embeddable":true,"href":"https:\/\/muenster.org\/eichendorffschule\/wp-json\/wp\/v2\/tags?post=1415"}],"curies":[{"name":"wp","href":"https:\/\/api.w.org\/{rel}","templated":true}]}}