{"id":334,"date":"2016-03-19T11:41:45","date_gmt":"2016-03-19T10:41:45","guid":{"rendered":"http:\/\/muenster.org\/eichendorffschule\/?p=334"},"modified":"2017-04-06T14:06:52","modified_gmt":"2017-04-06T12:06:52","slug":"revue-an-der-eichendorffschule-wn-29-03-2016","status":"publish","type":"post","link":"https:\/\/muenster.org\/eichendorffschule\/revue-an-der-eichendorffschule-wn-29-03-2016\/","title":{"rendered":"Revue an der Eichendorffschule (WN, 29.03.2016)"},"content":{"rendered":"<p>Projektgruppen an der Eichendorffschule besch\u00e4ftigen sich mit &#8222;Vielfalt im Schulalltag&#8220; und pr\u00e4sentieren ihre Ergebnisse am Freitagvormittag in einer Schulrevue<\/p>\n<figure id=\"attachment_335\" aria-describedby=\"caption-attachment-335\" style=\"width: 157px\" class=\"wp-caption alignleft\"><a href=\"http:\/\/muenster.org\/eichendorffschule\/wp-content\/uploads\/2017\/04\/wn-19-03-2016.jpeg\"><img loading=\"lazy\" decoding=\"async\" class=\"size-medium wp-image-335\" src=\"http:\/\/muenster.org\/eichendorffschule\/wp-content\/uploads\/2017\/04\/wn-19-03-2016-157x300.jpeg\" alt=\"Sch\u00fcler besch\u00e4ftigen sich in einer Projektwoche mit dem Thema &quot;Vielfalt im Schulalltag&quot; und pr\u00e4sentieren ihre Ergebnisse am Freitagvormittag in einer Schulrevue\" width=\"157\" height=\"300\" srcset=\"https:\/\/muenster.org\/eichendorffschule\/wp-content\/uploads\/2017\/04\/wn-19-03-2016-157x300.jpeg 157w, https:\/\/muenster.org\/eichendorffschule\/wp-content\/uploads\/2017\/04\/wn-19-03-2016-537x1024.jpeg 537w, https:\/\/muenster.org\/eichendorffschule\/wp-content\/uploads\/2017\/04\/wn-19-03-2016.jpeg 723w\" sizes=\"auto, (max-width: 157px) 100vw, 157px\" \/><\/a><figcaption id=\"caption-attachment-335\" class=\"wp-caption-text\">WN, 19.03.2016<\/figcaption><\/figure>\n","protected":false},"excerpt":{"rendered":"<p>Projektgruppen an der Eichendorffschule besch\u00e4ftigen sich mit &#8222;Vielfalt im Schulalltag&#8220; und pr\u00e4sentieren ihre Ergebnisse am Freitagvormittag in einer Schulrevue<\/p>\n","protected":false},"author":4,"featured_media":0,"comment_status":"closed","ping_status":"closed","sticky":false,"template":"","format":"standard","meta":{"footnotes":""},"categories":[18],"tags":[],"class_list":["post-334","post","type-post","status-publish","format-standard","hentry","category-presse"],"_links":{"self":[{"href":"https:\/\/muenster.org\/eichendorffschule\/wp-json\/wp\/v2\/posts\/334","targetHints":{"allow":["GET"]}}],"collection":[{"href":"https:\/\/muenster.org\/eichendorffschule\/wp-json\/wp\/v2\/posts"}],"about":[{"href":"https:\/\/muenster.org\/eichendorffschule\/wp-json\/wp\/v2\/types\/post"}],"author":[{"embeddable":true,"href":"https:\/\/muenster.org\/eichendorffschule\/wp-json\/wp\/v2\/users\/4"}],"replies":[{"embeddable":true,"href":"https:\/\/muenster.org\/eichendorffschule\/wp-json\/wp\/v2\/comments?post=334"}],"version-history":[{"count":0,"href":"https:\/\/muenster.org\/eichendorffschule\/wp-json\/wp\/v2\/posts\/334\/revisions"}],"wp:attachment":[{"href":"https:\/\/muenster.org\/eichendorffschule\/wp-json\/wp\/v2\/media?parent=334"}],"wp:term":[{"taxonomy":"category","embeddable":true,"href":"https:\/\/muenster.org\/eichendorffschule\/wp-json\/wp\/v2\/categories?post=334"},{"taxonomy":"post_tag","embeddable":true,"href":"https:\/\/muenster.org\/eichendorffschule\/wp-json\/wp\/v2\/tags?post=334"}],"curies":[{"name":"wp","href":"https:\/\/api.w.org\/{rel}","templated":true}]}}